{"id":22755,"date":"2020-07-11T07:00:47","date_gmt":"2020-07-11T10:00:47","guid":{"rendered":"http:\/\/www.yungayino.cl\/noticias\/?p=22755"},"modified":"2020-07-09T18:18:37","modified_gmt":"2020-07-09T21:18:37","slug":"refuerzan-informacion-respecto-a-la-restriccion-vehicular-en-los-puntos-de-control-a-la-intercomuna","status":"publish","type":"post","link":"https:\/\/www.yungayino.cl\/noticias\/?p=22755","title":{"rendered":"Refuerzan Informaci\u00f3n Respecto a la Restricci\u00f3n Vehicular en los Puntos de Control a la Intercomuna"},"content":{"rendered":"<p><img loading=\"lazy\" decoding=\"async\" class=\"alignnone size-full wp-image-22756\" src=\"http:\/\/www.yungayino.cl\/noticias\/wp-content\/uploads\/2020\/07\/chillan-restriccion.jpg\" alt=\"\" width=\"700\" height=\"438\" srcset=\"https:\/\/www.yungayino.cl\/noticias\/wp-content\/uploads\/2020\/07\/chillan-restriccion.jpg 700w, https:\/\/www.yungayino.cl\/noticias\/wp-content\/uploads\/2020\/07\/chillan-restriccion-300x188.jpg 300w, https:\/\/www.yungayino.cl\/noticias\/wp-content\/uploads\/2020\/07\/chillan-restriccion-240x150.jpg 240w\" sizes=\"auto, (max-width: 700px) 100vw, 700px\" \/><\/p>\n<p style=\"text-align: justify;\">Chill\u00e1n, julio 2020: Medidas complementarias que vienen a reforzar la informaci\u00f3n para los conductores, que se deban someter a la restricci\u00f3n vehicular, ese es el punto central para la instalaci\u00f3n en los seis puntos de control de se\u00f1al\u00e9ticas m\u00f3viles que dan cuenta de los d\u00edas y los d\u00edgitos que no deben circular. Alan Ib\u00e1\u00f1ez, Coordinador Regional de Seguridad P\u00fablica, fue quien lleg\u00f3 a cada punto de control para hacer entrega de estos elementos que permitir\u00e1n una mejor informaci\u00f3n y con esto disminuir el n\u00famero de infractores a la normativa, orientada a disminuir los veh\u00edculos circulando lo que acarrea una serie de dificultades en el tr\u00e1nsito, en especial por el centro de Chill\u00e1n complicando el distanciamiento social y con ello los peatones circulen por espacios m\u00e1s amplios al utilizar parte de la calle.<\/p>\n<p style=\"text-align: justify;\">Ib\u00e1\u00f1ez, sostuvo que este tipo de acciones no solo buscan un mayor conocimiento de los d\u00edas y d\u00edgitos en que no se debe circular en veh\u00edculos, sino tambi\u00e9n es un llamado a respetar las decisiones tomadas por la autoridad cuyo principal foco est\u00e1 en disminuir la posibilidad de contagio. En esta \u00e9poca de pandemia las restricciones deben acatarse de lo contrario todo el esfuerzo realizado se ve mermado ante la irresponsabilidad de algunos, perjudicando a la mayor\u00eda.<\/p>\n<p>&nbsp;<\/p>\n<p><img loading=\"lazy\" decoding=\"async\" class=\"alignnone size-full wp-image-22665\" src=\"http:\/\/www.yungayino.cl\/noticias\/wp-content\/uploads\/2020\/06\/portada-3.jpg\" alt=\"\" width=\"700\" height=\"394\" srcset=\"https:\/\/www.yungayino.cl\/noticias\/wp-content\/uploads\/2020\/06\/portada-3.jpg 700w, https:\/\/www.yungayino.cl\/noticias\/wp-content\/uploads\/2020\/06\/portada-3-300x169.jpg 300w, https:\/\/www.yungayino.cl\/noticias\/wp-content\/uploads\/2020\/06\/portada-3-266x150.jpg 266w\" sizes=\"auto, (max-width: 700px) 100vw, 700px\" \/><\/p>\n","protected":false},"excerpt":{"rendered":"<p>Chill\u00e1n, julio 2020: Medidas complementarias que vienen a reforzar la informaci\u00f3n para los conductores, que se deban someter a la restricci\u00f3n vehicular, ese es el punto central para la instalaci\u00f3n en los seis puntos&#46;&#46;&#46;<\/p>\n","protected":false},"author":2,"featured_media":22756,"comment_status":"closed","ping_status":"open","sticky":false,"template":"","format":"standard","meta":{"footnotes":""},"categories":[3,1],"tags":[728,1115,2268,8,6,117],"class_list":["post-22755","post","type-post","status-publish","format-standard","has-post-thumbnail","hentry","category-actualidad","category-noticias","tag-chillan","tag-noticias","tag-restriccion-vehicular","tag-yungay","tag-yungayino","tag-yungayinocl"],"_links":{"self":[{"href":"https:\/\/www.yungayino.cl\/noticias\/index.php?rest_route=\/wp\/v2\/posts\/22755","targetHints":{"allow":["GET"]}}],"collection":[{"href":"https:\/\/www.yungayino.cl\/noticias\/index.php?rest_route=\/wp\/v2\/posts"}],"about":[{"href":"https:\/\/www.yungayino.cl\/noticias\/index.php?rest_route=\/wp\/v2\/types\/post"}],"author":[{"embeddable":true,"href":"https:\/\/www.yungayino.cl\/noticias\/index.php?rest_route=\/wp\/v2\/users\/2"}],"replies":[{"embeddable":true,"href":"https:\/\/www.yungayino.cl\/noticias\/index.php?rest_route=%2Fwp%2Fv2%2Fcomments&post=22755"}],"version-history":[{"count":1,"href":"https:\/\/www.yungayino.cl\/noticias\/index.php?rest_route=\/wp\/v2\/posts\/22755\/revisions"}],"predecessor-version":[{"id":22757,"href":"https:\/\/www.yungayino.cl\/noticias\/index.php?rest_route=\/wp\/v2\/posts\/22755\/revisions\/22757"}],"wp:featuredmedia":[{"embeddable":true,"href":"https:\/\/www.yungayino.cl\/noticias\/index.php?rest_route=\/wp\/v2\/media\/22756"}],"wp:attachment":[{"href":"https:\/\/www.yungayino.cl\/noticias\/index.php?rest_route=%2Fwp%2Fv2%2Fmedia&parent=22755"}],"wp:term":[{"taxonomy":"category","embeddable":true,"href":"https:\/\/www.yungayino.cl\/noticias\/index.php?rest_route=%2Fwp%2Fv2%2Fcategories&post=22755"},{"taxonomy":"post_tag","embeddable":true,"href":"https:\/\/www.yungayino.cl\/noticias\/index.php?rest_route=%2Fwp%2Fv2%2Ftags&post=22755"}],"curies":[{"name":"wp","href":"https:\/\/api.w.org\/{rel}","templated":true}]}}