{"id":22792,"date":"2020-07-20T18:00:52","date_gmt":"2020-07-20T21:00:52","guid":{"rendered":"http:\/\/www.yungayino.cl\/noticias\/?p=22792"},"modified":"2020-07-20T19:27:20","modified_gmt":"2020-07-20T22:27:20","slug":"musico-yungayino-lucho-castillo-heredero-de-la-escuela-del-folclor-lanza-su-tercer-ep-producido-en-su-totalidad-durante-tiempos-de-pandemia","status":"publish","type":"post","link":"https:\/\/www.yungayino.cl\/noticias\/?p=22792","title":{"rendered":"M\u00fasico Yungayino Lucho Castillo Heredero de la Escuela del Folclor Lanza su Tercer EP Producido en su Totalidad Durante Tiempos de Pandemia"},"content":{"rendered":"<p><img loading=\"lazy\" decoding=\"async\" class=\"alignnone size-full wp-image-22795\" src=\"http:\/\/www.yungayino.cl\/noticias\/wp-content\/uploads\/2020\/07\/portada-1.jpg\" alt=\"\" width=\"700\" height=\"525\" srcset=\"https:\/\/www.yungayino.cl\/noticias\/wp-content\/uploads\/2020\/07\/portada-1.jpg 700w, https:\/\/www.yungayino.cl\/noticias\/wp-content\/uploads\/2020\/07\/portada-1-300x225.jpg 300w, https:\/\/www.yungayino.cl\/noticias\/wp-content\/uploads\/2020\/07\/portada-1-200x150.jpg 200w\" sizes=\"auto, (max-width: 700px) 100vw, 700px\" \/><\/p>\n<p style=\"text-align: justify;\">Julio 2020: A las 00:00 hrs del d\u00eda viernes 17 de julio, Lucho Castillo estren\u00f3 en Spotify \u00abLaura\u00bb, un EP que nace desde la necesidad del artista por expresar de manera simple -como bien lo sabe hacer- su sentir desde la ansiedad en el contexto de encierro que se vive en Chile.<\/p>\n<p style=\"text-align: justify;\">En esta nueva obra musical, como acostumbra Lucho Castillo, se entrelaza la m\u00fasica popular con las ra\u00edces folcl\u00f3ricas.<\/p>\n<p style=\"text-align: justify;\"><iframe loading=\"lazy\" style=\"border: none; overflow: hidden;\" src=\"https:\/\/www.facebook.com\/plugins\/post.php?href=https:\/\/www.facebook.com\/yungayino.cl\/photos\/a.3621332224548457\/3621333584548321\/?type=3&amp;__xts__%5B0%5D=68.ARCmQLOnVs-zhM7xEiULKaWGmb1IsQ2pOHj0BSVrt8chS7bXgqd9Ue5UVIWHsb0d0JAGRaRddY2-ANGmZ0ZE0vi-m-_1J6RaVk1qXxjZJsDrRBiq90PggmyEReQsCK95bOB8H8osaZJjDZxZRpDQQjM2MS0jptfe9MJgEkrD3FZ8BVrza-EV_iirlZPhk6biYNElqHz_7lxXxSTWY79PUm_VTsh9xOb9fXxuivt2-qzKuZ92MppAS4-9ax6GYkW3hKmis6GqDUorkpFvkMEENIPP_V9-tuzfrS-BoCZ8V2KCcmTvSJNgccZp0XukXpOGV5N7hhl-cK7i2zPz3Y7v05V3XtjSCd2BEXNL3B0JhuSoM8fYZmM8IKZJSP4VYvFly-De_0SLVxSOMVWZCU8C42slmlPELCDX_iSCNkqaScJW1lY2DRgEM6w382-6f6Ts0aQAOysEjdwPB5xB3-8d&amp;__tn__=-R&amp;l=a77e327dc6&amp;l=f5951f1994&amp;l=bfecbb8adf&amp;l=687b6bf5da&amp;width=500&amp;show_text=true&amp;height=691&amp;appId\" width=\"500\" height=\"715\" frameborder=\"0\" scrolling=\"no\"><\/iframe><\/p>\n<p style=\"text-align: justify;\">Esta compilaci\u00f3n contiene tres canciones tituladas \u00abNo caigas\u00bb, la cueca \u00abQuiero vivir so\u00f1ando\u00bb, y el single de este EP, \u00bb Buona Cosa\u00bb, una oda a su amor por quien se titula esta placa musical. \u00abBuona cosa, oggi so perch\u00e9&#8230;\u00a1Qu\u00e9 m\u00e1s rom\u00e1ntico que ese italiano que puede decirte &#8216;Buena cosa, hoy se por qu\u00e9&#8217;! \u00ab, se sincera Castillo.<\/p>\n<p style=\"text-align: justify;\">\u00abEl EP &#8216;Laura&#8217; es s\u00edmbolo de encuentro con lo que somos, lo que valoramos ahora\u00bb, expresa el m\u00fasico, \u00abagradezco estar aqu\u00ed, junto a esa magia, como el cari\u00f1o que so\u00f1amos y pudo hacerse carne\u00bb.<\/p>\n<p style=\"text-align: justify;\">Lucho Castillo es un m\u00fasico que lleva 11 a\u00f1os volcado a su carrera como solista, luego de haber forjado una gran trayectoria bajo la escuela del folclor en grupos cuequeros como \u00abLos Tricolores\u00bb, base para su andar en la m\u00fasica, y \u00abLos Piolas del Lote\u00bb. Durante esta \u00faltima d\u00e9cada, el artista ha lanzado los EP \u00abM\u00fasica simple para un Mundo Complejo\u00bb (2012), \u00abAn\u00f3malo, Sin Ti\u00bb (2020) y el disco debut \u00abAlgo Fundamental\u00bb (2018), incursionando en estilos cercanos al Pop\/Rock sin dejar de lado sus ra\u00edces folcl\u00f3ricas.<\/p>\n<p style=\"text-align: justify;\">[su_button url=\u00bbhttps:\/\/www.facebook.com\/pg\/yungayino.cl\/photos\/?tab=album&amp;album_id=3621332224548457&#8243; target=\u00bbblank\u00bb size=\u00bb7&#8243; radius=\u00bbround\u00bb icon=\u00bbicon: facebook-square\u00bb]FOTOGRAF\u00cdAS &#8211; M\u00fasico Yungayino Lucho Castillo Heredero de la Escuela del Folclor Lanza su Tercer EP Producido en su Totalidad Durante Tiempos de Pandemia[\/su_button]<\/p>\n<p>&nbsp;<\/p>\n<div class=\"video-container\"><iframe loading=\"lazy\" title=\"Lucho Castillo - Buona Cosa. EP. &quot;Laura&quot; 2020\" width=\"500\" height=\"281\" src=\"https:\/\/www.youtube.com\/embed\/p3QL83F6CTY?feature=oembed&#038;wmode=opaque\" frameborder=\"0\" allow=\"accelerometer; autoplay; clipboard-write; encrypted-media; gyroscope; picture-in-picture; web-share\" referrerpolicy=\"strict-origin-when-cross-origin\" allowfullscreen><\/iframe><\/div>\n<p>&nbsp;<\/p>\n<div class=\"video-container\"><iframe loading=\"lazy\" title=\"Lucho Castillo - Quiero Vivir So\u00f1ando. EP. &quot;Laura&quot;. 2020\" width=\"500\" height=\"281\" src=\"https:\/\/www.youtube.com\/embed\/m27U_YtqgbA?feature=oembed&#038;wmode=opaque\" frameborder=\"0\" allow=\"accelerometer; autoplay; clipboard-write; encrypted-media; gyroscope; picture-in-picture; web-share\" referrerpolicy=\"strict-origin-when-cross-origin\" allowfullscreen><\/iframe><\/div>\n<p>&nbsp;<\/p>\n<div class=\"video-container\"><iframe loading=\"lazy\" title=\"Lucho Castillo - No Caigas. EP. &quot;Laura&quot;. 2020\" width=\"500\" height=\"281\" src=\"https:\/\/www.youtube.com\/embed\/9yK9i_pT8UM?feature=oembed&#038;wmode=opaque\" frameborder=\"0\" allow=\"accelerometer; autoplay; clipboard-write; encrypted-media; gyroscope; picture-in-picture; web-share\" referrerpolicy=\"strict-origin-when-cross-origin\" allowfullscreen><\/iframe><\/div>\n<p>&nbsp;<\/p>\n<p>&nbsp;<\/p>\n<p>&nbsp;<\/p>\n","protected":false},"excerpt":{"rendered":"<p>Julio 2020: A las 00:00 hrs del d\u00eda viernes 17 de julio, Lucho Castillo estren\u00f3 en Spotify \u00abLaura\u00bb, un EP que nace desde la necesidad del artista por expresar de manera simple -como bien&#46;&#46;&#46;<\/p>\n","protected":false},"author":2,"featured_media":22795,"comment_status":"closed","ping_status":"open","sticky":false,"template":"","format":"standard","meta":{"footnotes":""},"categories":[3,1],"tags":[2278,628,1115,8,6,117],"class_list":["post-22792","post","type-post","status-publish","format-standard","has-post-thumbnail","hentry","category-actualidad","category-noticias","tag-laura","tag-lucho-castillo","tag-noticias","tag-yungay","tag-yungayino","tag-yungayinocl"],"_links":{"self":[{"href":"https:\/\/www.yungayino.cl\/noticias\/index.php?rest_route=\/wp\/v2\/posts\/22792","targetHints":{"allow":["GET"]}}],"collection":[{"href":"https:\/\/www.yungayino.cl\/noticias\/index.php?rest_route=\/wp\/v2\/posts"}],"about":[{"href":"https:\/\/www.yungayino.cl\/noticias\/index.php?rest_route=\/wp\/v2\/types\/post"}],"author":[{"embeddable":true,"href":"https:\/\/www.yungayino.cl\/noticias\/index.php?rest_route=\/wp\/v2\/users\/2"}],"replies":[{"embeddable":true,"href":"https:\/\/www.yungayino.cl\/noticias\/index.php?rest_route=%2Fwp%2Fv2%2Fcomments&post=22792"}],"version-history":[{"count":7,"href":"https:\/\/www.yungayino.cl\/noticias\/index.php?rest_route=\/wp\/v2\/posts\/22792\/revisions"}],"predecessor-version":[{"id":22801,"href":"https:\/\/www.yungayino.cl\/noticias\/index.php?rest_route=\/wp\/v2\/posts\/22792\/revisions\/22801"}],"wp:featuredmedia":[{"embeddable":true,"href":"https:\/\/www.yungayino.cl\/noticias\/index.php?rest_route=\/wp\/v2\/media\/22795"}],"wp:attachment":[{"href":"https:\/\/www.yungayino.cl\/noticias\/index.php?rest_route=%2Fwp%2Fv2%2Fmedia&parent=22792"}],"wp:term":[{"taxonomy":"category","embeddable":true,"href":"https:\/\/www.yungayino.cl\/noticias\/index.php?rest_route=%2Fwp%2Fv2%2Fcategories&post=22792"},{"taxonomy":"post_tag","embeddable":true,"href":"https:\/\/www.yungayino.cl\/noticias\/index.php?rest_route=%2Fwp%2Fv2%2Ftags&post=22792"}],"curies":[{"name":"wp","href":"https:\/\/api.w.org\/{rel}","templated":true}]}}