{"id":22851,"date":"2020-07-28T08:00:45","date_gmt":"2020-07-28T11:00:45","guid":{"rendered":"http:\/\/www.yungayino.cl\/noticias\/?p=22851"},"modified":"2020-07-27T21:02:32","modified_gmt":"2020-07-28T00:02:32","slug":"gobierno-materializa-nueva-entrega-de-recursos-a-municipio-yungayino","status":"publish","type":"post","link":"https:\/\/www.yungayino.cl\/noticias\/?p=22851","title":{"rendered":"Gobierno Materializa Nueva Entrega de Recursos a Municipio Yungayino"},"content":{"rendered":"<p><img loading=\"lazy\" decoding=\"async\" class=\"alignnone size-full wp-image-22852\" src=\"http:\/\/www.yungayino.cl\/noticias\/wp-content\/uploads\/2020\/07\/alcalde-y-concejales.jpg\" alt=\"\" width=\"700\" height=\"426\" srcset=\"https:\/\/www.yungayino.cl\/noticias\/wp-content\/uploads\/2020\/07\/alcalde-y-concejales.jpg 700w, https:\/\/www.yungayino.cl\/noticias\/wp-content\/uploads\/2020\/07\/alcalde-y-concejales-300x183.jpg 300w, https:\/\/www.yungayino.cl\/noticias\/wp-content\/uploads\/2020\/07\/alcalde-y-concejales-246x150.jpg 246w\" sizes=\"auto, (max-width: 700px) 100vw, 700px\" \/><\/p>\n<p style=\"text-align: justify;\">Yungay, julio 2020: Patricio Parejas Mardones, Jefe de la Unidad Regional de la SUBDERE \u00d1uble, realiz\u00f3 la entrega simb\u00f3lica de los nuevos recursos que el Gobierno de Chile destin\u00f3 para Yungay, en el marco del Fondo Solidario 2.0, con el objeto de contribuir a mitigar los costos que han debido enfrentar en el presente a\u00f1o con motivo de la emergencia sanitaria provocada por el COVID-19.<\/p>\n<p style=\"text-align: justify;\">\u201cHemos venido personalmente a oficializar la llegada de estos recursos a Yungay porque se enmarca en un nuevo apoyo que el Gobierno da a las municipalidades para que puedan mitigar los costos de las diversas medidas que se han implementado en la pandemia\u201d manifest\u00f3 el jefe regional de la entidad de Gobierno.<\/p>\n<p style=\"text-align: justify;\">Por su parte, el alcalde Rafael Cifuentes Rodr\u00edguez, manifest\u00f3: \u201cLa llegada de estos fondos son una buena noticia para la comuna, ya que nos va a permitir seguir fortaleciendo nuestra atenci\u00f3n primaria de salud, continuar implementando las medidas que hemos llevado a cabo para la prevenci\u00f3n del contagio de COVID-19 en la poblaci\u00f3n de Yungay y reforzar la ayuda social que hemos entregado a las y los yungayinos m\u00e1s vulnerables\u201d.<\/p>\n<p style=\"text-align: justify;\">En la ocasi\u00f3n, el jefe de la unidad regional de la SUBDERE y el alcalde, estuvieron acompa\u00f1ados por los concejales Ang\u00e9lica Cabezas y Juan Quezada, adem\u00e1s del jefe de Salud Municipal, Rodolfo San Mart\u00edn.<\/p>\n","protected":false},"excerpt":{"rendered":"<p>Yungay, julio 2020: Patricio Parejas Mardones, Jefe de la Unidad Regional de la SUBDERE \u00d1uble, realiz\u00f3 la entrega simb\u00f3lica de los nuevos recursos que el Gobierno de Chile destin\u00f3 para Yungay, en el marco&#46;&#46;&#46;<\/p>\n","protected":false},"author":2,"featured_media":22852,"comment_status":"closed","ping_status":"open","sticky":false,"template":"","format":"standard","meta":{"footnotes":""},"categories":[1],"tags":[1115,1714,8,6,117],"class_list":["post-22851","post","type-post","status-publish","format-standard","has-post-thumbnail","hentry","category-noticias","tag-noticias","tag-subdere","tag-yungay","tag-yungayino","tag-yungayinocl"],"_links":{"self":[{"href":"https:\/\/www.yungayino.cl\/noticias\/index.php?rest_route=\/wp\/v2\/posts\/22851","targetHints":{"allow":["GET"]}}],"collection":[{"href":"https:\/\/www.yungayino.cl\/noticias\/index.php?rest_route=\/wp\/v2\/posts"}],"about":[{"href":"https:\/\/www.yungayino.cl\/noticias\/index.php?rest_route=\/wp\/v2\/types\/post"}],"author":[{"embeddable":true,"href":"https:\/\/www.yungayino.cl\/noticias\/index.php?rest_route=\/wp\/v2\/users\/2"}],"replies":[{"embeddable":true,"href":"https:\/\/www.yungayino.cl\/noticias\/index.php?rest_route=%2Fwp%2Fv2%2Fcomments&post=22851"}],"version-history":[{"count":1,"href":"https:\/\/www.yungayino.cl\/noticias\/index.php?rest_route=\/wp\/v2\/posts\/22851\/revisions"}],"predecessor-version":[{"id":22853,"href":"https:\/\/www.yungayino.cl\/noticias\/index.php?rest_route=\/wp\/v2\/posts\/22851\/revisions\/22853"}],"wp:featuredmedia":[{"embeddable":true,"href":"https:\/\/www.yungayino.cl\/noticias\/index.php?rest_route=\/wp\/v2\/media\/22852"}],"wp:attachment":[{"href":"https:\/\/www.yungayino.cl\/noticias\/index.php?rest_route=%2Fwp%2Fv2%2Fmedia&parent=22851"}],"wp:term":[{"taxonomy":"category","embeddable":true,"href":"https:\/\/www.yungayino.cl\/noticias\/index.php?rest_route=%2Fwp%2Fv2%2Fcategories&post=22851"},{"taxonomy":"post_tag","embeddable":true,"href":"https:\/\/www.yungayino.cl\/noticias\/index.php?rest_route=%2Fwp%2Fv2%2Ftags&post=22851"}],"curies":[{"name":"wp","href":"https:\/\/api.w.org\/{rel}","templated":true}]}}