{"id":22891,"date":"2020-08-04T13:00:53","date_gmt":"2020-08-04T16:00:53","guid":{"rendered":"http:\/\/www.yungayino.cl\/noticias\/?p=22891"},"modified":"2020-08-05T14:45:49","modified_gmt":"2020-08-05T17:45:49","slug":"seremi-de-las-culturas-de-nuble-invita-a-artistas-a-presentar-talleres-y-propuestas-de-difusion-para-ser-parte-de-segunda-etapa-de-la-iniciativa-de-contingencia","status":"publish","type":"post","link":"https:\/\/www.yungayino.cl\/noticias\/?p=22891","title":{"rendered":"Seremi de las Culturas de \u00d1uble invita a artistas a presentar talleres y propuestas de difusi\u00f3n para ser parte de segunda etapa de la iniciativa de contingencia"},"content":{"rendered":"<p><img loading=\"lazy\" decoding=\"async\" class=\"alignnone size-full wp-image-22892\" src=\"http:\/\/www.yungayino.cl\/noticias\/wp-content\/uploads\/2020\/08\/CULTURA.png\" alt=\"\" width=\"700\" height=\"700\" srcset=\"https:\/\/www.yungayino.cl\/noticias\/wp-content\/uploads\/2020\/08\/CULTURA.png 700w, https:\/\/www.yungayino.cl\/noticias\/wp-content\/uploads\/2020\/08\/CULTURA-300x300.png 300w, https:\/\/www.yungayino.cl\/noticias\/wp-content\/uploads\/2020\/08\/CULTURA-150x150.png 150w, https:\/\/www.yungayino.cl\/noticias\/wp-content\/uploads\/2020\/08\/CULTURA-160x160.png 160w, https:\/\/www.yungayino.cl\/noticias\/wp-content\/uploads\/2020\/08\/CULTURA-320x320.png 320w\" sizes=\"auto, (max-width: 700px) 100vw, 700px\" \/><\/p>\n<p style=\"text-align: justify;\">\u00d1uble, agosto 2020: Ya se han presentado 30 iniciativas para la segunda parte de la iniciativa de contingencia #ActivaCultura\u00d1uble de la Seremi de las Culturas, las Artes y el Patrimonio \u201cy esperamos que sean muchos m\u00e1s los artistas que puedan ser beneficiados con este programa y con ello la ciudadan\u00eda tenga mayor oferta cultural de calidad, es por eso que ampliamos el plazo para recibir las actividades hasta el viernes 7 de agosto. A nivel regional hemos reorientado la mayor cantidad de recursos disponibles para poder ir en ayuda de quienes hoy est\u00e1n pasando un mal momento. Sabemos que puede ser insuficiente frente a la gravedad de la crisis sanitaria y econ\u00f3mica que estamos viviendo y por eso hemos puesto a disposici\u00f3n todas las herramientas con las que contamos como Secretrar\u00eda Regional Ministerial\u201d, dijo la seremi Mar\u00eda Soledad Castro.<\/p>\n<p style=\"text-align: justify;\">Para poder participar de #ActivaCultura\u00d1uble los interesados solo deben completar un formulario disponible en redes sociales de <strong>@culturas.nuble<\/strong> y el cual tambi\u00e9n puede ser solicitado al correo <strong>difusionculturasnuble@gmail.com<\/strong>. \u201cReiteramos que este no es un fondo consursable, sino que una invitaci\u00f3n a presentar propuestas de actividades de traspaso de conocimientos y de obras que puedan ser difundidas en formatos no presenciales. La sugerencia es que sean actividades donde se vinculen m\u00e1s de una \u00e1rea art\u00edstica y donde idealmente se puedan generar redes intercomunales\u201d, precis\u00f3 la autoridad regional.<\/p>\n<p style=\"text-align: justify;\">La iniciativa permite costear honorarios y gastos operativos de las propuestas art\u00edsticas que pueden ser presentadas en formatos digitales, audiovisuales o cualquier otro que no sea de manera presencial.\u00a0 Tambi\u00e9n permite pagar derechos de exhibici\u00f3n de obras ya realizadas que puedan ser difundidas mediante plataformas digitales. La iniciativa priorizar\u00e1 proyectos de artistas que no est\u00e9n ejecutando alg\u00fan Fondart y utilizar\u00e1 como paraguas de difusi\u00f3n la gr\u00e1fica y canales digitales de #ActivaCultura\u00d1uble.<\/p>\n<p style=\"text-align: justify;\">#ActivaCultura\u00d1uble busca dinamizar el sector art\u00edstico local y ofrecer contenido cultural a la ciudadan\u00eda que se encuentra en confinamiento por la pandemia por Covid-19. \u201cDentro de los programas que ha reorientado el Ministerio de las Culturas, las Artes y el Patrimonio est\u00e1 el de Fortalecimiento de la Identidad Cultural Regional y desde ah\u00ed hemos podido formular esta iniciativa tan necesaria tanto para los artistas como para la comunidad que encuentra en la cultura una compa\u00f1\u00eda y una v\u00e1lvula de escape\u201d, precisa la seremi de la cartera, Mar\u00eda Soledad Castro.<\/p>\n<p style=\"text-align: justify;\">\u201cSe estima que la inversi\u00f3n de esta segunda etapa supere los 40 millones de pesos para as\u00ed poder dar cobertura a la mayor cantidad de proyectos posibles. Esta iniciativa es complementaria a los Fondos con los que cuenta el Ministerio de las Culturas y que est\u00e1n disponibles en <a href=\"https:\/\/www.fondosdecultura.cl\/\"><strong>www.fondosdecultura.cl<\/strong><\/a>. Con #ActivaCultura\u00d1uble queremos apoyar al sector cultural econ\u00f3micamente, generar contenidos culturales para la comunidad y promover la asociatividad entre el sector cultural\u201d, subray\u00f3 Mar\u00eda Soledad Castro.<\/p>\n<p style=\"text-align: justify;\"><strong><u>Primera etapa de Activa Cultura \u00d1uble<\/u><\/strong><\/p>\n<p style=\"text-align: justify;\">La primera parte de #ActivaCultura\u00d1uble fue trabajada mediante convenio de colaboraci\u00f3n con la Fundaci\u00f3n Chill\u00e1n Ciudad Creativa y benefici\u00f3 directamente a 56 artistas pertenecientes a organizaciones y gremios de distintos sectores art\u00edsticos como Sidarte, \u00d1uble Audiovisual, Pintarte y Pigmenta.<\/p>\n<p style=\"text-align: justify;\">Se han realizado 25 talleres, tres murales y la segunda temporada de la webserie Generaci\u00f3n \u00d1uble. Las actividades ya est\u00e1n en su \u00faltima etapa de ejecuci\u00f3n y se espera poder continuar con el trabajo colaborativo desde agosto hasta noviembre de este a\u00f1o.<\/p>\n<p style=\"text-align: justify;\">IMPORTANTE: para subir los archivos debes iniciar sesi\u00f3n con una cuenta Google (Gmail, Youtube, Meet, etc.)<\/p>\n<p style=\"text-align: justify;\">\n","protected":false},"excerpt":{"rendered":"<p>\u00d1uble, agosto 2020: Ya se han presentado 30 iniciativas para la segunda parte de la iniciativa de contingencia #ActivaCultura\u00d1uble de la Seremi de las Culturas, las Artes y el Patrimonio \u201cy esperamos que sean&#46;&#46;&#46;<\/p>\n","protected":false},"author":2,"featured_media":22892,"comment_status":"closed","ping_status":"open","sticky":false,"template":"","format":"standard","meta":{"footnotes":""},"categories":[1],"tags":[2294,1115,1678,8,6,117],"class_list":["post-22891","post","type-post","status-publish","format-standard","has-post-thumbnail","hentry","category-noticias","tag-cultura","tag-noticias","tag-nuble","tag-yungay","tag-yungayino","tag-yungayinocl"],"_links":{"self":[{"href":"https:\/\/www.yungayino.cl\/noticias\/index.php?rest_route=\/wp\/v2\/posts\/22891","targetHints":{"allow":["GET"]}}],"collection":[{"href":"https:\/\/www.yungayino.cl\/noticias\/index.php?rest_route=\/wp\/v2\/posts"}],"about":[{"href":"https:\/\/www.yungayino.cl\/noticias\/index.php?rest_route=\/wp\/v2\/types\/post"}],"author":[{"embeddable":true,"href":"https:\/\/www.yungayino.cl\/noticias\/index.php?rest_route=\/wp\/v2\/users\/2"}],"replies":[{"embeddable":true,"href":"https:\/\/www.yungayino.cl\/noticias\/index.php?rest_route=%2Fwp%2Fv2%2Fcomments&post=22891"}],"version-history":[{"count":4,"href":"https:\/\/www.yungayino.cl\/noticias\/index.php?rest_route=\/wp\/v2\/posts\/22891\/revisions"}],"predecessor-version":[{"id":22896,"href":"https:\/\/www.yungayino.cl\/noticias\/index.php?rest_route=\/wp\/v2\/posts\/22891\/revisions\/22896"}],"wp:featuredmedia":[{"embeddable":true,"href":"https:\/\/www.yungayino.cl\/noticias\/index.php?rest_route=\/wp\/v2\/media\/22892"}],"wp:attachment":[{"href":"https:\/\/www.yungayino.cl\/noticias\/index.php?rest_route=%2Fwp%2Fv2%2Fmedia&parent=22891"}],"wp:term":[{"taxonomy":"category","embeddable":true,"href":"https:\/\/www.yungayino.cl\/noticias\/index.php?rest_route=%2Fwp%2Fv2%2Fcategories&post=22891"},{"taxonomy":"post_tag","embeddable":true,"href":"https:\/\/www.yungayino.cl\/noticias\/index.php?rest_route=%2Fwp%2Fv2%2Ftags&post=22891"}],"curies":[{"name":"wp","href":"https:\/\/api.w.org\/{rel}","templated":true}]}}