{"id":22909,"date":"2020-08-07T07:00:47","date_gmt":"2020-08-07T10:00:47","guid":{"rendered":"http:\/\/www.yungayino.cl\/noticias\/?p=22909"},"modified":"2020-08-05T15:03:38","modified_gmt":"2020-08-05T18:03:38","slug":"lucho-castillo-reflexiona-sobre-el-proceso-creativo-de-su-nuevo-ep-laura","status":"publish","type":"post","link":"https:\/\/www.yungayino.cl\/noticias\/?p=22909","title":{"rendered":"Lucho Castillo Reflexiona Sobre el Proceso Creativo de su Nuevo EP \u00abLaura\u00bb"},"content":{"rendered":"<p><img loading=\"lazy\" decoding=\"async\" class=\"alignnone size-full wp-image-22910\" src=\"http:\/\/www.yungayino.cl\/noticias\/wp-content\/uploads\/2020\/08\/lucho.jpg\" alt=\"\" width=\"700\" height=\"525\" srcset=\"https:\/\/www.yungayino.cl\/noticias\/wp-content\/uploads\/2020\/08\/lucho.jpg 700w, https:\/\/www.yungayino.cl\/noticias\/wp-content\/uploads\/2020\/08\/lucho-300x225.jpg 300w, https:\/\/www.yungayino.cl\/noticias\/wp-content\/uploads\/2020\/08\/lucho-200x150.jpg 200w\" sizes=\"auto, (max-width: 700px) 100vw, 700px\" \/><\/p>\n<p style=\"text-align: justify;\">Agosto 2020: El m\u00fasico yungayino desentra\u00f1a su \u00faltimo lanzamiento musical en contexto de pandemia y recuerda momentos especiales de su carrera musical en esta entrevista.<\/p>\n<p style=\"text-align: justify;\">Lucho Castillo es un reconocido m\u00fasico dentro de la escena de la cueca, fundador de grupos cuequeros como Los Tricolores y Los Piolas del Lote. Actualmente lleva 11 a\u00f1os como solista, componiendo m\u00fasica ligada al pop\/rock sin dejar de lado sus ra\u00edces folcl\u00f3ricas. Durante esta \u00faltima d\u00e9cada ha lanzado el disco \u00abAlgo Fundamental\u00bb (2018) y los EP \u00abM\u00fasica simple para un Mundo Complejo\u00bb (2012), \u00abAn\u00f3malo, Sin Ti\u00bb (2020) y recientemente, \u00abLaura\u00bb (2020).<\/p>\n<p style=\"text-align: justify;\">EL 17 de julio el artista estren\u00f3 su tercer EP a trav\u00e9s de las diversas plataformas streaming de m\u00fasica. Este trabajo musical est\u00e1 compuesto por tres canciones tituladas \u00abNo Caigas\u00bb, la cueca \u00abQuiero vivir so\u00f1ando\u00bb, y el single \u00abBuona Cosa\u00bb. Laura fue grabado, mezclado y masterizado en Estudios Para\u00edso por Francisco Aguilera. El Dise\u00f1o de la caratula es de Jorge Rivera y la fotograf\u00eda fue sacada por Lucho Castillo.<\/p>\n<p style=\"text-align: justify;\">Este es un EP que nace desde la necesidad del artista por expresar de manera simple -como bien lo sabe hacer- su sentir desde la ansiedad en el contexto de encierro que se vive en Chile.<\/p>\n<p style=\"text-align: justify;\">\u00abLa sonoridad de este trabajo musical es muy especial. Define un punto angular en mi carrera. Pude encontrar en este EP lo que, podr\u00eda decir, quer\u00eda tanto en mis composiciones: que naciera desde lo simple e interpretado a cabalidad por m\u00ed\u201d.<\/p>\n<p style=\"text-align: justify;\"><strong>\u00bfCu\u00e1l ha sido tu pensamiento m\u00e1s recurrente durante esta pandemia?<\/strong><\/p>\n<p style=\"text-align: justify;\">Es entre el miedo a que sea real, o que sea un arma. Las armas son definitivamente un peligro, y sobre todo aquellas que juegan con nuestra cabeza.<\/p>\n<p style=\"text-align: justify;\"><strong>\u00bfQu\u00e9 significa este EP para ti?<\/strong><\/p>\n<p style=\"text-align: justify;\">\u201cLaura\u201d es un trabajo en el cual logr\u00e9 encontrar lo que me acomoda del alma para poder expresarme de mejor manera, y tambi\u00e9n lo que hasta hoy no hab\u00eda experimentado. Reconozco que ven\u00eda hace rato en la b\u00fasqueda de solo depender de mis manos, mi voz y lo que siento.<\/p>\n<p style=\"text-align: justify;\"><strong>\u00bfC\u00f3mo fue enfrentar el proceso creativo estando en contexto de encierro? <\/strong><\/p>\n<p style=\"text-align: justify;\">El proceso creativo, desde mi manera de vivir el nacimiento de las canciones, es algo que honestamente nace de forma natural, y no lo fuerzo en ning\u00fan sentido. El encierro al que nos vemos enfrentados, y las situaciones particulares de cada ser que lo vive, nos llevan a los extremos del sentir. Hay una tristeza natural, que en mi caso, motivos de sobra pudieron inspirarme a una total entrega, como desgarrada, de sacar afuera con honestidad estas canciones que lo dicen todo.<\/p>\n<p style=\"text-align: justify;\"><strong>\u00bfCon qu\u00e9 instrumentos compusiste las canciones?<\/strong><\/p>\n<p style=\"text-align: justify;\">Es la guitarra la base total de la musicalizaci\u00f3n. Siendo los instrumentos de percusi\u00f3n, el sutil golpe de un tri\u00e1ngulo en el tema \u201cBuona Cosa\u201d, un tarro de galletas vac\u00edo y el fuerte golpe de una caja para el tema \u201cQuiero Vivir So\u00f1ando\u201d. A\u00fan m\u00e1s simple es la canci\u00f3n \u201cNo Caigas\u201d, la voz acompa\u00f1ada de una guitarra Folk, en donde solo juegan la intenci\u00f3n de lo brusco del rasgueo y, en ocasiones, solo notas marcadas al aire. No merec\u00eda m\u00e1s instrumentaci\u00f3n lo que deseaba expresar.<\/p>\n<p style=\"text-align: justify;\"><strong>\u00bfQu\u00e9 quisiste expresar en estos tres temas?<\/strong><\/p>\n<p style=\"text-align: justify;\"><strong>\u201cBuona Cosa\u201d<\/strong> es la declaraci\u00f3n absoluta del amor que puedes encontrar, pienso y siento, en una sola destellante oportunidad en tu andar, un todo en una canci\u00f3n de amor. Hecho importante mencionar, que es mi primera canci\u00f3n de amor en mi carrera musical, todas las hechas en el g\u00e9nero popular apuntan al desamor de lleno. Ah\u00ed la importancia de esta canci\u00f3n, sin ning\u00fan freno a declararlo todo.<\/p>\n<p style=\"text-align: justify;\"><strong>\u00abNo Caigas\u201d<\/strong>, siento que muestra un hecho que nos pasa constantemente en la vida, que es perder la fe, o dejar de creer en que se puede llegar donde deseas como persona. Claramente se nos olvida apreciar cu\u00e1n importante es no perder de vista que hoy es cuando tenemos que poner todo de nosotros, pues luego siempre es tarde.<\/p>\n<p style=\"text-align: justify;\"><strong>\u201cQuiero Vivir So\u00f1ando\u201d<\/strong>, es una cueca que apunta a la hermosura de querer saborear tu ser cada d\u00eda con magia. Rematando el tema, con las ganas desbordadas de querer vivir siempre como el amante enamorado del amor de tu vida.<\/p>\n<p style=\"text-align: justify;\"><strong>\u00bfHas podido reflexionar sobre tu carrera musical en este tiempo?<\/strong><\/p>\n<p style=\"text-align: justify;\">Sin duda que he podido darle una linda vuelta de tuercas a mi carrera musical, pues, gracias a este EP, es por lo que siento que podr\u00eda trabajar de forma paralela la figura de banda, los proyectos de espect\u00e1culo que est\u00e1n por venir, y lo maravilloso de tomar tu guitarra para poder cantar, literalmente como solista. Es bueno ver que van tomando forma diferentes frentes sin pasarse a llevar uno con otro.<\/p>\n<p style=\"text-align: justify;\"><strong>\u00bfHas pensado qu\u00e9 viene a futuro con tus proyectos musicales?<\/strong><\/p>\n<p style=\"text-align: justify;\">Nunca pienso mucho en qu\u00e9 se viene. M\u00e1s bien lo que pienso lo pongo en pr\u00e1ctica. Sin embargo, siento que engorda el camino, y me refiero con esto, a que cada proyecto crea contenido para que sea apreciado cada uno como un todo.<\/p>\n<p style=\"text-align: justify;\"><a href=\"http:\/\/www.yungayino.cl\/noticias\/?p=22792\">M\u00e1s Informaci\u00f3n Lanzamiento EP AQU\u00cd<\/a><\/p>\n","protected":false},"excerpt":{"rendered":"<p>Agosto 2020: El m\u00fasico yungayino desentra\u00f1a su \u00faltimo lanzamiento musical en contexto de pandemia y recuerda momentos especiales de su carrera musical en esta entrevista. Lucho Castillo es un reconocido m\u00fasico dentro de la&#46;&#46;&#46;<\/p>\n","protected":false},"author":2,"featured_media":22910,"comment_status":"closed","ping_status":"open","sticky":false,"template":"","format":"standard","meta":{"footnotes":""},"categories":[1],"tags":[2307,628,1682,2305,1115,2306,8,6,2304],"class_list":["post-22909","post","type-post","status-publish","format-standard","has-post-thumbnail","hentry","category-noticias","tag-buona-cosa","tag-lucho-castillo","tag-musica","tag-no-caigas","tag-noticias","tag-quiero-vivir-sonando","tag-yungay","tag-yungayino","tag-yungayino-xl"],"_links":{"self":[{"href":"https:\/\/www.yungayino.cl\/noticias\/index.php?rest_route=\/wp\/v2\/posts\/22909","targetHints":{"allow":["GET"]}}],"collection":[{"href":"https:\/\/www.yungayino.cl\/noticias\/index.php?rest_route=\/wp\/v2\/posts"}],"about":[{"href":"https:\/\/www.yungayino.cl\/noticias\/index.php?rest_route=\/wp\/v2\/types\/post"}],"author":[{"embeddable":true,"href":"https:\/\/www.yungayino.cl\/noticias\/index.php?rest_route=\/wp\/v2\/users\/2"}],"replies":[{"embeddable":true,"href":"https:\/\/www.yungayino.cl\/noticias\/index.php?rest_route=%2Fwp%2Fv2%2Fcomments&post=22909"}],"version-history":[{"count":2,"href":"https:\/\/www.yungayino.cl\/noticias\/index.php?rest_route=\/wp\/v2\/posts\/22909\/revisions"}],"predecessor-version":[{"id":22912,"href":"https:\/\/www.yungayino.cl\/noticias\/index.php?rest_route=\/wp\/v2\/posts\/22909\/revisions\/22912"}],"wp:featuredmedia":[{"embeddable":true,"href":"https:\/\/www.yungayino.cl\/noticias\/index.php?rest_route=\/wp\/v2\/media\/22910"}],"wp:attachment":[{"href":"https:\/\/www.yungayino.cl\/noticias\/index.php?rest_route=%2Fwp%2Fv2%2Fmedia&parent=22909"}],"wp:term":[{"taxonomy":"category","embeddable":true,"href":"https:\/\/www.yungayino.cl\/noticias\/index.php?rest_route=%2Fwp%2Fv2%2Fcategories&post=22909"},{"taxonomy":"post_tag","embeddable":true,"href":"https:\/\/www.yungayino.cl\/noticias\/index.php?rest_route=%2Fwp%2Fv2%2Ftags&post=22909"}],"curies":[{"name":"wp","href":"https:\/\/api.w.org\/{rel}","templated":true}]}}