{"id":22916,"date":"2020-08-09T07:00:15","date_gmt":"2020-08-09T10:00:15","guid":{"rendered":"http:\/\/www.yungayino.cl\/noticias\/?p=22916"},"modified":"2020-08-05T16:34:08","modified_gmt":"2020-08-05T19:34:08","slug":"prodemu-publica-los-resultados-del-fondo-concursable-seguimos-de-pie","status":"publish","type":"post","link":"https:\/\/www.yungayino.cl\/noticias\/?p=22916","title":{"rendered":"Prodemu Publica los Resultados del Fondo Concursable \u00abSeguimos de Pie\u00bb"},"content":{"rendered":"<p><img loading=\"lazy\" decoding=\"async\" class=\"alignnone size-full wp-image-22917\" src=\"http:\/\/www.yungayino.cl\/noticias\/wp-content\/uploads\/2020\/08\/prodemu-portada.jpg\" alt=\"\" width=\"700\" height=\"394\" srcset=\"https:\/\/www.yungayino.cl\/noticias\/wp-content\/uploads\/2020\/08\/prodemu-portada.jpg 700w, https:\/\/www.yungayino.cl\/noticias\/wp-content\/uploads\/2020\/08\/prodemu-portada-300x169.jpg 300w, https:\/\/www.yungayino.cl\/noticias\/wp-content\/uploads\/2020\/08\/prodemu-portada-266x150.jpg 266w\" sizes=\"auto, (max-width: 700px) 100vw, 700px\" \/><\/p>\n<p style=\"text-align: justify;\">Agosto 2020: La fundaci\u00f3n PRODEMU, perteneciente a la red de Fundaciones de la Presidencia de la Rep\u00fablica, dio a conocer en su p\u00e1gina web los resultados de las postulaciones al fondo concursable \u201cSeguimos de Pie\u201d, que entregar\u00e1 $300.000 a 500 mujeres del pa\u00eds, en su mayor\u00eda jefas de hogar, que vieron particularmente afectadas su fuente de ingreso producto de la pandemia.<\/p>\n<p style=\"text-align: justify;\">\u00abDesde este lunes 3 de agosto est\u00e1n los resultados del fondo concursable Seguimos de Pie, un fondo de emergencia, que tanto la Primera Dama, Cecilia Morel Montes, al igual que Fundaci\u00f3n Prodemu estamos seguras que va a ir en directa ayuda de las mujeres emprendedoras que lo necesitan\u00bb, se\u00f1al\u00f3 la directora regional Prodemu, Mar\u00eda Cecilia Varas Benavente.<\/p>\n<p style=\"text-align: justify;\">Un total de 574 mujeres de la regi\u00f3n postularon al fondo concusable, de ellas, 17 fueron seleccionadas para recibir el capital Prodemu, quedando 29 en lista de espera. \u00abSabemos por todo lo que han pasado las mujeres durante esta emergencia sanitaria, entre esto, la falta de recursos y la falta de empleos. Si bien es cierto, tuvimos pocos cupos porque a nivel nacional fueron 500 y de esos la regi\u00f3n de \u00d1uble tuvo 17, hicimos un trabajo muy a conciencia pensando siempre en las mujeres de \u00d1uble y lo importante que es para ellas contar con este capital\u00bb, recalc\u00f3 Mar\u00eda Cecilia Varas.<\/p>\n<p style=\"text-align: justify;\">Los recursos se entregar\u00e1n desde el 6 al 11 de agosto, y servir\u00e1n para invertir en los distintos gastos que surjan para el desarrollo de las ideas de negocio, por ejemplo, compra de m\u00e1quinas y herramientas, materiales e insumos, mano de obra, mobiliarios y equipos inform\u00e1ticos, gastos de traslado y despachos, tr\u00e1mites, patentes y arriendo de espacios f\u00edsicos.<\/p>\n<p style=\"text-align: justify;\">Toda la informaci\u00f3n necesaria sobre las mujeres ganadoras y en lista de espera est\u00e1 disponible en la p\u00e1gina web de la fundaci\u00f3n <a href=\"http:\/\/www.prodemu.cl\/\"><strong>www.prodemu.cl<\/strong><\/a>. Para otras dudas o requerimientos llamar a la l\u00ednea PRODEMU Escucha <strong>800 36 4200<\/strong>.<\/p>\n<p>&nbsp;<\/p>\n<p><img loading=\"lazy\" decoding=\"async\" class=\"size-full wp-image-22918 aligncenter\" src=\"http:\/\/www.yungayino.cl\/noticias\/wp-content\/uploads\/2020\/08\/prodemu.jpg\" alt=\"\" width=\"700\" height=\"877\" srcset=\"https:\/\/www.yungayino.cl\/noticias\/wp-content\/uploads\/2020\/08\/prodemu.jpg 700w, https:\/\/www.yungayino.cl\/noticias\/wp-content\/uploads\/2020\/08\/prodemu-239x300.jpg 239w, https:\/\/www.yungayino.cl\/noticias\/wp-content\/uploads\/2020\/08\/prodemu-120x150.jpg 120w\" sizes=\"auto, (max-width: 700px) 100vw, 700px\" \/><\/p>\n","protected":false},"excerpt":{"rendered":"<p>Agosto 2020: La fundaci\u00f3n PRODEMU, perteneciente a la red de Fundaciones de la Presidencia de la Rep\u00fablica, dio a conocer en su p\u00e1gina web los resultados de las postulaciones al fondo concursable \u201cSeguimos de&#46;&#46;&#46;<\/p>\n","protected":false},"author":2,"featured_media":22918,"comment_status":"closed","ping_status":"open","sticky":false,"template":"","format":"standard","meta":{"footnotes":""},"categories":[1],"tags":[2308,1115,1678,500,8,6,117],"class_list":["post-22916","post","type-post","status-publish","format-standard","has-post-thumbnail","hentry","category-noticias","tag-mujeres","tag-noticias","tag-nuble","tag-prodemu","tag-yungay","tag-yungayino","tag-yungayinocl"],"_links":{"self":[{"href":"https:\/\/www.yungayino.cl\/noticias\/index.php?rest_route=\/wp\/v2\/posts\/22916","targetHints":{"allow":["GET"]}}],"collection":[{"href":"https:\/\/www.yungayino.cl\/noticias\/index.php?rest_route=\/wp\/v2\/posts"}],"about":[{"href":"https:\/\/www.yungayino.cl\/noticias\/index.php?rest_route=\/wp\/v2\/types\/post"}],"author":[{"embeddable":true,"href":"https:\/\/www.yungayino.cl\/noticias\/index.php?rest_route=\/wp\/v2\/users\/2"}],"replies":[{"embeddable":true,"href":"https:\/\/www.yungayino.cl\/noticias\/index.php?rest_route=%2Fwp%2Fv2%2Fcomments&post=22916"}],"version-history":[{"count":1,"href":"https:\/\/www.yungayino.cl\/noticias\/index.php?rest_route=\/wp\/v2\/posts\/22916\/revisions"}],"predecessor-version":[{"id":22919,"href":"https:\/\/www.yungayino.cl\/noticias\/index.php?rest_route=\/wp\/v2\/posts\/22916\/revisions\/22919"}],"wp:featuredmedia":[{"embeddable":true,"href":"https:\/\/www.yungayino.cl\/noticias\/index.php?rest_route=\/wp\/v2\/media\/22918"}],"wp:attachment":[{"href":"https:\/\/www.yungayino.cl\/noticias\/index.php?rest_route=%2Fwp%2Fv2%2Fmedia&parent=22916"}],"wp:term":[{"taxonomy":"category","embeddable":true,"href":"https:\/\/www.yungayino.cl\/noticias\/index.php?rest_route=%2Fwp%2Fv2%2Fcategories&post=22916"},{"taxonomy":"post_tag","embeddable":true,"href":"https:\/\/www.yungayino.cl\/noticias\/index.php?rest_route=%2Fwp%2Fv2%2Ftags&post=22916"}],"curies":[{"name":"wp","href":"https:\/\/api.w.org\/{rel}","templated":true}]}}