{"id":22985,"date":"2020-08-15T10:00:59","date_gmt":"2020-08-15T13:00:59","guid":{"rendered":"http:\/\/www.yungayino.cl\/noticias\/?p=22985"},"modified":"2020-08-15T15:21:08","modified_gmt":"2020-08-15T18:21:08","slug":"alumnos-de-pre-basica-de-la-escuela-los-mayos-recibieron-regalos","status":"publish","type":"post","link":"https:\/\/www.yungayino.cl\/noticias\/?p=22985","title":{"rendered":"Alumnos de Pre B\u00e1sica de la Escuela Los Mayos Recibieron Regalos"},"content":{"rendered":"<p><img loading=\"lazy\" decoding=\"async\" class=\"alignnone size-full wp-image-22986\" src=\"http:\/\/www.yungayino.cl\/noticias\/wp-content\/uploads\/2020\/08\/portada-2-1.jpg\" alt=\"\" width=\"700\" height=\"386\" srcset=\"https:\/\/www.yungayino.cl\/noticias\/wp-content\/uploads\/2020\/08\/portada-2-1.jpg 700w, https:\/\/www.yungayino.cl\/noticias\/wp-content\/uploads\/2020\/08\/portada-2-1-300x165.jpg 300w, https:\/\/www.yungayino.cl\/noticias\/wp-content\/uploads\/2020\/08\/portada-2-1-272x150.jpg 272w\" sizes=\"auto, (max-width: 700px) 100vw, 700px\" \/><\/p>\n<p style=\"text-align: justify;\">Yungay, agosto 2020: Durante la semana se realiz\u00f3 una entrega de regalos a los ni\u00f1os y ni\u00f1as de pre kinder y k\u00ednder de la Escuela de los Mayos, en el marco de la conmemoraci\u00f3n del d\u00eda de los derechos de los ni\u00f1os y ni\u00f1as.<\/p>\n<p style=\"text-align: justify;\"><iframe loading=\"lazy\" style=\"border: none; overflow: hidden;\" src=\"https:\/\/www.facebook.com\/plugins\/post.php?href=https:\/\/www.facebook.com\/yungayino.cl\/photos\/a.3699849830030029\/3699850200029992\/?type=3&amp;__xts__%5B0%5D=68.ARBFHciGQ7pzDOttdd1ZUzhgatQUYEAuYmWfA50OIprQtUxa-LfkkEQEE6xAs6OFMwVtjQaGQlDi018oVezR1XBP6qgiWLxW44VjG372oeIAzRFo4wbSGl8s4rFKs0978ltv0VqPUmyZQla6B6PWJePXYjQfAXGz6AH9dk_I9e3GK6YPJr2JGpJCWUWsd8_DRgAu91V5i3onGWSACCeQ3HMIixmjIel7IOpKoX8KctXjXgysGCJulYqr3L4xrlhRtoDOc0kFUCx6nhUKSQS4cYyhIwfr7K-HgCoaiOhrT9pXkV-p6d2i7eB9tIUGWlW_Dtes9EX-wIqegw6p3VxUdUjFB_tjFzfLSFR9x-mrnOMmmZEa_BsZIFKmx8YrfGtfxtRJCLQP2AW1p7V7uzgKtR0c-x2d1FnlbOUwKq4tAJwHjCbLjBBy-ejl5lj_zLUqebt6y6AtSpwBQ503eMMI&amp;__tn__=-R&amp;l=a77e327dc6&amp;l=f5951f1994&amp;l=bfecbb8adf&amp;l=687b6bf5da&amp;width=500&amp;show_text=true&amp;height=691&amp;appId\" width=\"500\" height=\"715\" frameborder=\"0\" scrolling=\"no\"><\/iframe><\/p>\n<p style=\"text-align: justify;\">En la oportunidad, estuvo presente la directora de Desarrollo Comunitario, Pamela Jelves Acu\u00f1a, quien asisti\u00f3 en representaci\u00f3n del alcalde Rafael Cifuentes Rodr\u00edguez, junto al coordinador del programa Chile Crece Contigo, Cristian Segura.<\/p>\n<p style=\"text-align: justify;\">Al respecto, la directora de Dideco afirm\u00f3 que \u201cen esta \u00e9poca de pandemia, como profesional del \u00e1rea social, es muy importante preocuparse por los ni\u00f1os y ni\u00f1as de la comuna, quienes no lo est\u00e1n pasando bien con el confinamiento, y en ese sentido, un peque\u00f1o detalle como \u00e9ste puede alegrar sus d\u00edas\u201d.<\/p>\n<p style=\"text-align: justify;\">[su_button url=\u00bbhttps:\/\/www.facebook.com\/pg\/yungayino.cl\/photos\/?tab=album&amp;album_id=3699849830030029&#8243; target=\u00bbblank\u00bb size=\u00bb7&#8243; radius=\u00bbround\u00bb icon=\u00bbicon: facebook-square\u00bb]FOTOGRAF\u00cdAS &#8211; Alumnos de Pre B\u00e1sica de la Escuela Los Mayos Recibieron Regalos[\/su_button]<\/p>\n","protected":false},"excerpt":{"rendered":"<p>Yungay, agosto 2020: Durante la semana se realiz\u00f3 una entrega de regalos a los ni\u00f1os y ni\u00f1as de pre kinder y k\u00ednder de la Escuela de los Mayos, en el marco de la conmemoraci\u00f3n&#46;&#46;&#46;<\/p>\n","protected":false},"author":2,"featured_media":22986,"comment_status":"closed","ping_status":"open","sticky":false,"template":"","format":"standard","meta":{"footnotes":""},"categories":[1],"tags":[334,246,1115,1974,8,6,117],"class_list":["post-22985","post","type-post","status-publish","format-standard","has-post-thumbnail","hentry","category-noticias","tag-dideco","tag-escuela-los-mayos","tag-noticias","tag-senda","tag-yungay","tag-yungayino","tag-yungayinocl"],"_links":{"self":[{"href":"https:\/\/www.yungayino.cl\/noticias\/index.php?rest_route=\/wp\/v2\/posts\/22985","targetHints":{"allow":["GET"]}}],"collection":[{"href":"https:\/\/www.yungayino.cl\/noticias\/index.php?rest_route=\/wp\/v2\/posts"}],"about":[{"href":"https:\/\/www.yungayino.cl\/noticias\/index.php?rest_route=\/wp\/v2\/types\/post"}],"author":[{"embeddable":true,"href":"https:\/\/www.yungayino.cl\/noticias\/index.php?rest_route=\/wp\/v2\/users\/2"}],"replies":[{"embeddable":true,"href":"https:\/\/www.yungayino.cl\/noticias\/index.php?rest_route=%2Fwp%2Fv2%2Fcomments&post=22985"}],"version-history":[{"count":3,"href":"https:\/\/www.yungayino.cl\/noticias\/index.php?rest_route=\/wp\/v2\/posts\/22985\/revisions"}],"predecessor-version":[{"id":22989,"href":"https:\/\/www.yungayino.cl\/noticias\/index.php?rest_route=\/wp\/v2\/posts\/22985\/revisions\/22989"}],"wp:featuredmedia":[{"embeddable":true,"href":"https:\/\/www.yungayino.cl\/noticias\/index.php?rest_route=\/wp\/v2\/media\/22986"}],"wp:attachment":[{"href":"https:\/\/www.yungayino.cl\/noticias\/index.php?rest_route=%2Fwp%2Fv2%2Fmedia&parent=22985"}],"wp:term":[{"taxonomy":"category","embeddable":true,"href":"https:\/\/www.yungayino.cl\/noticias\/index.php?rest_route=%2Fwp%2Fv2%2Fcategories&post=22985"},{"taxonomy":"post_tag","embeddable":true,"href":"https:\/\/www.yungayino.cl\/noticias\/index.php?rest_route=%2Fwp%2Fv2%2Ftags&post=22985"}],"curies":[{"name":"wp","href":"https:\/\/api.w.org\/{rel}","templated":true}]}}