{"id":23021,"date":"2020-08-19T23:19:04","date_gmt":"2020-08-20T02:19:04","guid":{"rendered":"http:\/\/www.yungayino.cl\/noticias\/?p=23021"},"modified":"2020-08-19T23:27:33","modified_gmt":"2020-08-20T02:27:33","slug":"la-union-comunal-de-juntas-de-vecinos-de-yungay-en-conjunto-con-carabineros-realizaron-exitosa-campana-dia-del-nino","status":"publish","type":"post","link":"https:\/\/www.yungayino.cl\/noticias\/?p=23021","title":{"rendered":"La Uni\u00f3n Comunal de Juntas de Vecinos de Yungay en Conjunto con Carabineros Realizaron Exitosa Campa\u00f1a \u201cD\u00eda del Ni\u00f1o\u201d"},"content":{"rendered":"<p style=\"text-align: justify;\"><img loading=\"lazy\" decoding=\"async\" class=\"alignnone size-full wp-image-23024\" src=\"http:\/\/www.yungayino.cl\/noticias\/wp-content\/uploads\/2020\/08\/PORTADA-6.jpg\" alt=\"\" width=\"700\" height=\"350\" srcset=\"https:\/\/www.yungayino.cl\/noticias\/wp-content\/uploads\/2020\/08\/PORTADA-6.jpg 700w, https:\/\/www.yungayino.cl\/noticias\/wp-content\/uploads\/2020\/08\/PORTADA-6-300x150.jpg 300w\" sizes=\"auto, (max-width: 700px) 100vw, 700px\" \/><\/p>\n<p style=\"text-align: justify;\">Yungay, mi\u00e9rcoles 19 de agosto 2020: La Uni\u00f3n Comunal de Juntas de Vecinos de Yungay en conjunto con la Oficina de Integraci\u00f3n Comunitaria de la Cuarta Comisar\u00eda de Yungay realizaron una exitosa Campa\u00f1a \u201cD\u00eda del Ni\u00f1o\u201d, cuyo objetivo era reciclar juguetes, donde los ni\u00f1os (as) de la comuna se desprendieron de un juguete, el cual fueron a dejar a la Comisar\u00eda, para luego entreg\u00e1rselos a ni\u00f1os (as) de diferentes puntos de nuestra comuna y as\u00ed regalar un momento de alegr\u00eda en un a\u00f1o que ha sido dif\u00edcil por la pandemia que afecta a todo el mundo.<\/p>\n<p style=\"text-align: justify;\"><iframe loading=\"lazy\" style=\"border: none; overflow: hidden;\" src=\"https:\/\/www.facebook.com\/plugins\/post.php?href=https:\/\/www.facebook.com\/yungayino.cl\/photos\/a.3713185895363089\/3713186258696386\/?type=3&amp;__xts__%5B0%5D=68.ARD9fkT8L8BFbFGfUmIcIoPs9k_6pQihTquFADf9IwvqChPrr8duI6CG4MP-u28_jJ2KeZi2XIwiSxvRbdqR2jWZUyu-Dmc37TEtCCvwD8FBfPy4fsclatEnIu9IaWfntyb0f3t8_NMcaUwuscTQYwM1lpEPBSpc1uI83twHO6uroGNKyzo9bImbFZj7V3nS3irKyAs2xMRUNGwBjuXyjI38hP6FxuC69auP5DFZroVPlg67P7i5ENJD7M9EXLGIUHz1OOnxApy1q1EsyrLSVlFulXBSO6cDm1qOji53Gto-syiBE5zhL7Acqn7k3PULfbfa8fktiLgmAAe_XZcaX-5F_sgyKQpwbPAYiUmYIXlPPH2Bxv0h76hGh46gYp2QL1nuz14HbSaDGLgSP6lWVtw1pBhEiNa4wA9mzi9tIH-BPPq-VPzapDYcdp0pe_zsuUBW6d7POiHv99OXJ7oE&amp;__tn__=-R&amp;l=a77e327dc6&amp;l=f5951f1994&amp;l=bfecbb8adf&amp;l=687b6bf5da&amp;width=500&amp;show_text=true&amp;height=691&amp;appId\" width=\"500\" height=\"715\" frameborder=\"0\" scrolling=\"no\"><\/iframe><\/p>\n<p style=\"text-align: justify;\">Fueron los\u00a0 propios dirigentes de la Uni\u00f3n Comunal de Juntas de Vecinos con los funcionarios de Carabineros que recorrieron los sectores rurales de Rinconada de Itata, Ranchillo Bajo, San Miguel Itata y El Cardal para hacer entrega de los juguetes y golosinas recolectados en esta hermosa campa\u00f1a solidaria que duro casi dos semanas y que tuvo muy buena acogida por la comunidad yungayina, particulares y empresas.<\/p>\n<p style=\"text-align: justify;\">Finalmente destacar la alegr\u00eda desprendida de los ni\u00f1os (as) que recibieron esta hermosa sorpresa de recibir un regalo, adem\u00e1s de globos y dulces con lo que se cumpli\u00f3 el objetivo, as\u00ed los destacaron Carabineros y la Uni\u00f3n Comunal de Juntas de Vecinos de Yungay.<\/p>\n<p>&nbsp;<\/p>\n<p style=\"text-align: justify;\">[su_button url=\u00bbhttps:\/\/www.facebook.com\/pg\/yungayino.cl\/photos\/?tab=album&amp;album_id=3713185895363089&#8243; target=\u00bbblank\u00bb size=\u00bb7&#8243; radius=\u00bbround\u00bb icon=\u00bbicon: facebook-square\u00bb]FOTOGRAF\u00cdAS &#8211; La Uni\u00f3n Comunal de Juntas de Vecinos de Yungay en Conjunto con Carabineros Realizaron Exitosa Campa\u00f1a \u201cD\u00eda del Ni\u00f1o\u201d[\/su_button]<\/p>\n","protected":false},"excerpt":{"rendered":"<p>Yungay, mi\u00e9rcoles 19 de agosto 2020: La Uni\u00f3n Comunal de Juntas de Vecinos de Yungay en conjunto con la Oficina de Integraci\u00f3n Comunitaria de la Cuarta Comisar\u00eda de Yungay realizaron una exitosa Campa\u00f1a \u201cD\u00eda&#46;&#46;&#46;<\/p>\n","protected":false},"author":2,"featured_media":23024,"comment_status":"closed","ping_status":"open","sticky":false,"template":"","format":"standard","meta":{"footnotes":""},"categories":[1],"tags":[25,230,591,1115,433,8,6,117],"class_list":["post-23021","post","type-post","status-publish","format-standard","has-post-thumbnail","hentry","category-noticias","tag-carabineros","tag-dia-del-nino","tag-juntas-de-vecinos","tag-noticias","tag-union-comunal","tag-yungay","tag-yungayino","tag-yungayinocl"],"_links":{"self":[{"href":"https:\/\/www.yungayino.cl\/noticias\/index.php?rest_route=\/wp\/v2\/posts\/23021","targetHints":{"allow":["GET"]}}],"collection":[{"href":"https:\/\/www.yungayino.cl\/noticias\/index.php?rest_route=\/wp\/v2\/posts"}],"about":[{"href":"https:\/\/www.yungayino.cl\/noticias\/index.php?rest_route=\/wp\/v2\/types\/post"}],"author":[{"embeddable":true,"href":"https:\/\/www.yungayino.cl\/noticias\/index.php?rest_route=\/wp\/v2\/users\/2"}],"replies":[{"embeddable":true,"href":"https:\/\/www.yungayino.cl\/noticias\/index.php?rest_route=%2Fwp%2Fv2%2Fcomments&post=23021"}],"version-history":[{"count":5,"href":"https:\/\/www.yungayino.cl\/noticias\/index.php?rest_route=\/wp\/v2\/posts\/23021\/revisions"}],"predecessor-version":[{"id":23027,"href":"https:\/\/www.yungayino.cl\/noticias\/index.php?rest_route=\/wp\/v2\/posts\/23021\/revisions\/23027"}],"wp:featuredmedia":[{"embeddable":true,"href":"https:\/\/www.yungayino.cl\/noticias\/index.php?rest_route=\/wp\/v2\/media\/23024"}],"wp:attachment":[{"href":"https:\/\/www.yungayino.cl\/noticias\/index.php?rest_route=%2Fwp%2Fv2%2Fmedia&parent=23021"}],"wp:term":[{"taxonomy":"category","embeddable":true,"href":"https:\/\/www.yungayino.cl\/noticias\/index.php?rest_route=%2Fwp%2Fv2%2Fcategories&post=23021"},{"taxonomy":"post_tag","embeddable":true,"href":"https:\/\/www.yungayino.cl\/noticias\/index.php?rest_route=%2Fwp%2Fv2%2Ftags&post=23021"}],"curies":[{"name":"wp","href":"https:\/\/api.w.org\/{rel}","templated":true}]}}