{"id":23038,"date":"2020-08-21T08:00:40","date_gmt":"2020-08-21T11:00:40","guid":{"rendered":"http:\/\/www.yungayino.cl\/noticias\/?p=23038"},"modified":"2020-08-20T22:42:26","modified_gmt":"2020-08-21T01:42:26","slug":"presidente-pinera-inspecciono-las-obras-del-nuevo-hospital-de-nuble","status":"publish","type":"post","link":"https:\/\/www.yungayino.cl\/noticias\/?p=23038","title":{"rendered":"Presidente Pi\u00f1era Inspeccion\u00f3 las Obras del Nuevo Hospital de \u00d1uble"},"content":{"rendered":"<p><img loading=\"lazy\" decoding=\"async\" class=\"alignnone size-full wp-image-23039\" src=\"http:\/\/www.yungayino.cl\/noticias\/wp-content\/uploads\/2020\/08\/Visita-Presidente-Hospital-Regional-SS\u00d1-2.jpg\" alt=\"\" width=\"700\" height=\"351\" srcset=\"https:\/\/www.yungayino.cl\/noticias\/wp-content\/uploads\/2020\/08\/Visita-Presidente-Hospital-Regional-SS\u00d1-2.jpg 700w, https:\/\/www.yungayino.cl\/noticias\/wp-content\/uploads\/2020\/08\/Visita-Presidente-Hospital-Regional-SS\u00d1-2-300x150.jpg 300w, https:\/\/www.yungayino.cl\/noticias\/wp-content\/uploads\/2020\/08\/Visita-Presidente-Hospital-Regional-SS\u00d1-2-299x150.jpg 299w\" sizes=\"auto, (max-width: 700px) 100vw, 700px\" \/><\/p>\n<p style=\"text-align: justify;\">\u00d1uble, agosto 2020: El mandatario recorri\u00f3 las faenas del futuro establecimiento asistencial que beneficiar\u00e1 a medio mill\u00f3n de personas. Se trata de la mayor inversi\u00f3n p\u00fablica de la Regi\u00f3n, con recursos por sobre los $204 mil millones, financiados por el Ministerio de Salud.<\/p>\n<p style=\"text-align: justify;\">En el marco de una nueva conmemoraci\u00f3n del natalicio de Bernardo O\u2019Higgins, el Presidente de la Rep\u00fablica, Sebasti\u00e1n Pi\u00f1era, arrib\u00f3 a \u00d1uble para desarrollar una nutrida agenda de actividades.<\/p>\n<p style=\"text-align: justify;\">Durante la jornada el mandatario, visit\u00f3 los trabajos de construcci\u00f3n del nuevo Hospital Regional, que han continuado desarroll\u00e1ndose sin pausa durante la pandemia.<\/p>\n<p style=\"text-align: justify;\">La m\u00e1xima autoridad del pa\u00eds, constat\u00f3 el avance de las faenas, valorando el progreso de esta mega obra que permitir\u00e1 cambiar el rostro a la salud p\u00fablica de \u00d1uble.<\/p>\n<p style=\"text-align: justify;\">\u201cEste hospital est\u00e1 planific\u00e1ndose hace mucho tiempo, pero hoy lo ven, estas son obras, obras que est\u00e1n creciendo, pero ya partieron y van a continuar y vamos a tener un hospital que ser\u00e1 de alta complejidad que permitir\u00e1 no solamente cumplir una promesa, sino que satisfacer una necesidad de los habitantes de esta Regi\u00f3n\u201d, se\u00f1al\u00f3 el Mandatario.<\/p>\n<p style=\"text-align: justify;\">La autoridad agreg\u00f3 que el establecimiento \u201cva a tener todos los adelantos y equipamiento que se requieren para la Regi\u00f3n; 130 mil metros cuadrados de superficie; 530 camas disponibles, aumentando significativamente las que tenemos hoy d\u00eda y con muchos servicios. Por ejemplo; 99 boxes de consultas m\u00e9dicas; 17 cl\u00ednicas odontol\u00f3gicas; 14 quir\u00f3fanos; 5 salas de atenci\u00f3n integral de parto; unidades de di\u00e1lisis y una tecnolog\u00eda absolutamente de punta\u201d.<\/p>\n<p style=\"text-align: justify;\">\u201cQuiero terminar estas palabras felicitando a los trabajadores, porque con su cabeza, con sus manos, su voluntad, van a construir este gran hospital para este casi medio mill\u00f3n de habitantes de la Regi\u00f3n, que sin duda lo necesitan y lo merecen\u201d, finaliz\u00f3 el Presidente.<\/p>\n<p style=\"text-align: justify;\">Por su parte el Director del Servicio de Salud \u00d1uble, Ricardo S\u00e1nchez, agradeci\u00f3 la visita, que constituye un impulso y reconocimiento a los equipos que durante todo este tiempo, han desempe\u00f1ado sin pausa su labor con el prop\u00f3sito de brindar un nuevo establecimiento a las familias de la Regi\u00f3n.<\/p>\n<p style=\"text-align: justify;\">\u201cQue el Presidente de la Rep\u00fablica inspeccione y supervise el avance de este proyecto de salud, sin duda nos enorgullece y confirma el gran trabajo que efect\u00faan los equipos de nuestra instituci\u00f3n, quienes laboran arduamente y en todos los frentes, respondiendo a la pandemia en el \u00e1mbito asistencial, pero tambi\u00e9n, ejecutando obras tan importantes para este territorio como el futuro Hospital Regional\u201d.<\/p>\n<p style=\"text-align: justify;\">A su vez, el directivo agradeci\u00f3 el trabajo y la coordinaci\u00f3n mantenida con la empresa INSO, a cargo de las faenas, quienes han adoptado todas las medidas de seguridad para garantizar la continuidad de este, el mayor proyecto de inversi\u00f3n p\u00fablica de \u00d1uble\u201d, expres\u00f3 S\u00e1nchez.<\/p>\n<p style=\"text-align: justify;\">Ricardo S\u00e1nchez explic\u00f3 que \u201cactualmente el proyecto est\u00e1 en fase de ejecuci\u00f3n de fundaciones para lo cual, se realizan trabajos de hormigonado masivo. De la misma forma y con el prop\u00f3sito de garantizar la eficiencia en t\u00e9rminos de log\u00edstica y distribuci\u00f3n de los materiales en la medida de su demanda, se instalar\u00e1n 6 gr\u00faas plumas, dos de las cuales ya est\u00e1n apostadas. A la fecha, 256 personas trabajan en el lugar\u201d.<\/p>\n<p style=\"text-align: justify;\"><strong>Al servicio de la comunidad<\/strong><\/p>\n<p style=\"text-align: justify;\">El futuro centro asistencial es parte de una nueva generaci\u00f3n de hospitales, con mayores est\u00e1ndares de calidad, que incluyen eficiencia energ\u00e9tica, espacios amigables, construcciones sismorresistentes, entre otras caracter\u00edsticas.<\/p>\n<p style=\"text-align: justify;\">A su vez, ser\u00e1 un Hospital con pertinencia cultural, para ello, contar\u00e1 con se\u00f1al\u00e9tica con indicaciones en mapudung\u00fan y tendr\u00e1 una plaza de la salud compuesta por un \u00e1rea ceremonial mapuche que incorpora el Chemamull o Rewe.<\/p>\n<p style=\"text-align: justify;\">El establecimiento tendr\u00e1 plazas p\u00fablicas, \u00e1reas verdes, zona de juegos y esparcimiento, estacionamientos subterr\u00e1neos, un gran auditorio y un anfiteatro al aire libre.<\/p>\n","protected":false},"excerpt":{"rendered":"<p>\u00d1uble, agosto 2020: El mandatario recorri\u00f3 las faenas del futuro establecimiento asistencial que beneficiar\u00e1 a medio mill\u00f3n de personas. Se trata de la mayor inversi\u00f3n p\u00fablica de la Regi\u00f3n, con recursos por sobre los&#46;&#46;&#46;<\/p>\n","protected":false},"author":2,"featured_media":23039,"comment_status":"closed","ping_status":"open","sticky":false,"template":"","format":"standard","meta":{"footnotes":""},"categories":[1,1675],"tags":[84,1115,1678,65,8,6,117],"class_list":["post-23038","post","type-post","status-publish","format-standard","has-post-thumbnail","hentry","category-noticias","category-saludc","tag-hospital","tag-noticias","tag-nuble","tag-salud","tag-yungay","tag-yungayino","tag-yungayinocl"],"_links":{"self":[{"href":"https:\/\/www.yungayino.cl\/noticias\/index.php?rest_route=\/wp\/v2\/posts\/23038","targetHints":{"allow":["GET"]}}],"collection":[{"href":"https:\/\/www.yungayino.cl\/noticias\/index.php?rest_route=\/wp\/v2\/posts"}],"about":[{"href":"https:\/\/www.yungayino.cl\/noticias\/index.php?rest_route=\/wp\/v2\/types\/post"}],"author":[{"embeddable":true,"href":"https:\/\/www.yungayino.cl\/noticias\/index.php?rest_route=\/wp\/v2\/users\/2"}],"replies":[{"embeddable":true,"href":"https:\/\/www.yungayino.cl\/noticias\/index.php?rest_route=%2Fwp%2Fv2%2Fcomments&post=23038"}],"version-history":[{"count":2,"href":"https:\/\/www.yungayino.cl\/noticias\/index.php?rest_route=\/wp\/v2\/posts\/23038\/revisions"}],"predecessor-version":[{"id":23041,"href":"https:\/\/www.yungayino.cl\/noticias\/index.php?rest_route=\/wp\/v2\/posts\/23038\/revisions\/23041"}],"wp:featuredmedia":[{"embeddable":true,"href":"https:\/\/www.yungayino.cl\/noticias\/index.php?rest_route=\/wp\/v2\/media\/23039"}],"wp:attachment":[{"href":"https:\/\/www.yungayino.cl\/noticias\/index.php?rest_route=%2Fwp%2Fv2%2Fmedia&parent=23038"}],"wp:term":[{"taxonomy":"category","embeddable":true,"href":"https:\/\/www.yungayino.cl\/noticias\/index.php?rest_route=%2Fwp%2Fv2%2Fcategories&post=23038"},{"taxonomy":"post_tag","embeddable":true,"href":"https:\/\/www.yungayino.cl\/noticias\/index.php?rest_route=%2Fwp%2Fv2%2Ftags&post=23038"}],"curies":[{"name":"wp","href":"https:\/\/api.w.org\/{rel}","templated":true}]}}