{"id":23046,"date":"2020-08-24T15:00:50","date_gmt":"2020-08-24T18:00:50","guid":{"rendered":"http:\/\/www.yungayino.cl\/noticias\/?p=23046"},"modified":"2020-08-24T20:12:28","modified_gmt":"2020-08-24T23:12:28","slug":"organizacion-relonche-de-yungay-gano-proyecto-fndr","status":"publish","type":"post","link":"https:\/\/www.yungayino.cl\/noticias\/?p=23046","title":{"rendered":"Organizaci\u00f3n \u201cRelonche\u201d de Yungay Gan\u00f3 Proyecto FNDR"},"content":{"rendered":"<p><img loading=\"lazy\" decoding=\"async\" class=\"alignnone size-full wp-image-23047\" src=\"http:\/\/www.yungayino.cl\/noticias\/wp-content\/uploads\/2020\/08\/relonche.jpg\" alt=\"\" width=\"700\" height=\"350\" srcset=\"https:\/\/www.yungayino.cl\/noticias\/wp-content\/uploads\/2020\/08\/relonche.jpg 700w, https:\/\/www.yungayino.cl\/noticias\/wp-content\/uploads\/2020\/08\/relonche-300x150.jpg 300w\" sizes=\"auto, (max-width: 700px) 100vw, 700px\" \/><\/p>\n<p style=\"text-align: justify;\">Yungay, agosto 2020: Este s\u00e1bado, la organizaci\u00f3n Relonche, que agrupa a j\u00f3venes de nuestra comuna, recibi\u00f3 kits de alimentos, higiene y abrigo para ir en ayuda de la comunidad.<\/p>\n<p style=\"text-align: justify;\">Este aporte, que contempla 15 kits de alimentos, 15 de higiene y 3 kits de abrigo, fue entregado por Injuv \u00d1uble, que postul\u00f3 a dos proyectos del Fondo Nacional de Desarrollo Regional y benefici\u00f3 a Relonche por estar realizando actividades de voluntariado en Yungay.<\/p>\n<p style=\"text-align: justify;\">\u00abMe siento muy orgulloso de los j\u00f3venes de Yungay que, voluntariamente, ponen todo su esfuerzo y est\u00e1n muy comprometidos con el progreso de nuestra gente y nuestra comuna\u00bb se\u00f1al\u00f3 el alcalde Rafael Cifuentes Rodr\u00edguez durante la actividad, oportunidad en que tambi\u00e9n agradeci\u00f3 la gesti\u00f3n de Injuv y su constante consideraci\u00f3n por los j\u00f3venes yungayinos.<\/p>\n","protected":false},"excerpt":{"rendered":"<p>Yungay, agosto 2020: Este s\u00e1bado, la organizaci\u00f3n Relonche, que agrupa a j\u00f3venes de nuestra comuna, recibi\u00f3 kits de alimentos, higiene y abrigo para ir en ayuda de la comunidad. Este aporte, que contempla 15&#46;&#46;&#46;<\/p>\n","protected":false},"author":2,"featured_media":23047,"comment_status":"closed","ping_status":"open","sticky":false,"template":"","format":"standard","meta":{"footnotes":""},"categories":[1],"tags":[667,1115,1678,2324,8,6,117],"class_list":["post-23046","post","type-post","status-publish","format-standard","has-post-thumbnail","hentry","category-noticias","tag-injuv","tag-noticias","tag-nuble","tag-relonche","tag-yungay","tag-yungayino","tag-yungayinocl"],"_links":{"self":[{"href":"https:\/\/www.yungayino.cl\/noticias\/index.php?rest_route=\/wp\/v2\/posts\/23046","targetHints":{"allow":["GET"]}}],"collection":[{"href":"https:\/\/www.yungayino.cl\/noticias\/index.php?rest_route=\/wp\/v2\/posts"}],"about":[{"href":"https:\/\/www.yungayino.cl\/noticias\/index.php?rest_route=\/wp\/v2\/types\/post"}],"author":[{"embeddable":true,"href":"https:\/\/www.yungayino.cl\/noticias\/index.php?rest_route=\/wp\/v2\/users\/2"}],"replies":[{"embeddable":true,"href":"https:\/\/www.yungayino.cl\/noticias\/index.php?rest_route=%2Fwp%2Fv2%2Fcomments&post=23046"}],"version-history":[{"count":1,"href":"https:\/\/www.yungayino.cl\/noticias\/index.php?rest_route=\/wp\/v2\/posts\/23046\/revisions"}],"predecessor-version":[{"id":23048,"href":"https:\/\/www.yungayino.cl\/noticias\/index.php?rest_route=\/wp\/v2\/posts\/23046\/revisions\/23048"}],"wp:featuredmedia":[{"embeddable":true,"href":"https:\/\/www.yungayino.cl\/noticias\/index.php?rest_route=\/wp\/v2\/media\/23047"}],"wp:attachment":[{"href":"https:\/\/www.yungayino.cl\/noticias\/index.php?rest_route=%2Fwp%2Fv2%2Fmedia&parent=23046"}],"wp:term":[{"taxonomy":"category","embeddable":true,"href":"https:\/\/www.yungayino.cl\/noticias\/index.php?rest_route=%2Fwp%2Fv2%2Fcategories&post=23046"},{"taxonomy":"post_tag","embeddable":true,"href":"https:\/\/www.yungayino.cl\/noticias\/index.php?rest_route=%2Fwp%2Fv2%2Ftags&post=23046"}],"curies":[{"name":"wp","href":"https:\/\/api.w.org\/{rel}","templated":true}]}}