{"id":23049,"date":"2020-08-25T07:00:48","date_gmt":"2020-08-25T10:00:48","guid":{"rendered":"http:\/\/www.yungayino.cl\/noticias\/?p=23049"},"modified":"2020-08-24T20:20:53","modified_gmt":"2020-08-24T23:20:53","slug":"lanzan-programa-mujer-digital-para-perfeccionar-conocimientos-de-emprendedoras-de-manera-gratuita","status":"publish","type":"post","link":"https:\/\/www.yungayino.cl\/noticias\/?p=23049","title":{"rendered":"Lanzan Programa \u201cMujer Digital\u201d Para Perfeccionar Conocimientos de Emprendedoras de Manera Gratuita"},"content":{"rendered":"<p><img loading=\"lazy\" decoding=\"async\" class=\"size-full wp-image-23050 aligncenter\" src=\"http:\/\/www.yungayino.cl\/noticias\/wp-content\/uploads\/2020\/08\/mujer-digital.jpg\" alt=\"\" width=\"700\" height=\"700\" srcset=\"https:\/\/www.yungayino.cl\/noticias\/wp-content\/uploads\/2020\/08\/mujer-digital.jpg 700w, https:\/\/www.yungayino.cl\/noticias\/wp-content\/uploads\/2020\/08\/mujer-digital-300x300.jpg 300w, https:\/\/www.yungayino.cl\/noticias\/wp-content\/uploads\/2020\/08\/mujer-digital-150x150.jpg 150w, https:\/\/www.yungayino.cl\/noticias\/wp-content\/uploads\/2020\/08\/mujer-digital-160x160.jpg 160w, https:\/\/www.yungayino.cl\/noticias\/wp-content\/uploads\/2020\/08\/mujer-digital-320x320.jpg 320w\" sizes=\"auto, (max-width: 700px) 100vw, 700px\" \/><\/p>\n<p style=\"text-align: justify;\">Nacional, agosto 2020: La Ministra de la Mujer y la Equidad de G\u00e9nero, M\u00f3nica Zalaquett, junto al Subsecretario del Trabajo, Fernando Arab y el Director del Sence, Juan Manuel Santa Cruz, presentaron el programa \u201cMujer Digital\u201d, una iniciativa que busca entregar herramientas y perfeccionar los conocimientos en materia digital de las mujeres emprendedoras y de las que quieren comenzar a hacerlo.<\/p>\n<p style=\"text-align: justify;\">\u201cCreo firmemente que las mujeres podr\u00e1n construir la sociedad post pandemia, para aquello necesitan m\u00e1s y mejores herramientas. La tecnolog\u00eda es una plataforma fundamental para el emprendimiento y la reinvenci\u00f3n, por eso quiero agradecer esta alianza con la subsecretar\u00eda del Trabajo, a trav\u00e9s de Sence, que nos permite lanzar el Programa \u201cMujer Digital\u201d poniendo a disposici\u00f3n de miles de mujeres cursos 100% digitales que les permitir\u00e1n generar ingresos para ellas y sus familias\u201d, recal\u00f3 la Ministra M\u00f3nica Zalaquett.<\/p>\n<p style=\"text-align: justify;\">Otra de las caracter\u00edsticas del programa Mujer Digital es la reputaci\u00f3n y calidad de la ense\u00f1anza que se pone a disposici\u00f3n de las mujeres de Chile. En total son 20 cursos en l\u00ednea 100% gratuitos, certificados e impartidos por las mejores instituciones del mundo, entre los que se incluye Google, el Instituto Tecnol\u00f3gico de Monterrey (a trav\u00e9s de Coursera), Fundaci\u00f3n Telef\u00f3nica y Fundaci\u00f3n Carlos Slim.<\/p>\n<p style=\"text-align: justify;\">Respecto a esta nueva iniciativa, la Seremi B\u00e1rbara Hennig, subray\u00f3 que \u201cel coronavirus ha golpeado fuertemente la econom\u00eda del pa\u00eds, afectando directamente la realidad de las mujeres emprendedoras de nuestra regi\u00f3n. En 5 meses la participaci\u00f3n laboral femenina retrocedi\u00f3 10 a\u00f1os, situaci\u00f3n que se espera revertir, entre otras medidas, fomentando el emprendimiento femenino. Para esto el Gobierno pone a disposici\u00f3n, de manera sencilla y accesible, la oferta de cursos en l\u00ednea de SENCE, enfocados especialmente para mujeres y de manera gratuita\u201d, afirm\u00f3.<\/p>\n<p style=\"text-align: justify;\">Para inscribirse y ser parte de \u201cMujer Digital\u201d, es posible ingresar al sitio web del Ministerio de la Mujer (<a href=\"https:\/\/minmujeryeg.gob.cl\/\"><strong>minmujeryeg.gob.cl<\/strong><\/a>) y hacer <a href=\"https:\/\/eligemejor.sence.cl\/BuscarCursoEspecial\/PorPrograma?utm_source=min_mujer&amp;utm_medium=min_mujer&amp;utm_campaign=min_mujer&amp;utm_source=min_mujer&amp;utm_medium=min_mujer&amp;utm_campaign=min_mujer\"><strong><em>click<\/em><\/strong><\/a> en el <a href=\"https:\/\/eligemejor.sence.cl\/BuscarCursoEspecial\/PorPrograma?utm_source=min_mujer&amp;utm_medium=min_mujer&amp;utm_campaign=min_mujer&amp;utm_source=min_mujer&amp;utm_medium=min_mujer&amp;utm_campaign=min_mujer\"><strong><em>banner<\/em><\/strong><\/a> del programa. De esa forma los postulantes podr\u00e1n acceder a la oferta completa del Sence pensada especialmente para mujeres. Dentro de los cursos m\u00e1s demandados, destaca el de marketing digital, que entrega herramientas para emprendedoras que se han visto afectadas por la pandemia, permiti\u00e9ndoles vender sus productos por internet.<\/p>\n<p style=\"text-align: justify;\">Los cursos con mayor demanda hist\u00f3rica son:<\/p>\n<ul>\n<li style=\"text-align: justify;\">Marketing digital<\/li>\n<li style=\"text-align: justify;\">Computaci\u00f3n b\u00e1sica<\/li>\n<li style=\"text-align: justify;\">Formulaci\u00f3n y evaluaci\u00f3n de proyectos<\/li>\n<li style=\"text-align: justify;\">Analista de proyectos e inteligencia de negocios<\/li>\n<li style=\"text-align: justify;\">Desarrolladora de videojuegos<\/li>\n<li style=\"text-align: justify;\">Liderazgo<\/li>\n<\/ul>\n","protected":false},"excerpt":{"rendered":"<p>Nacional, agosto 2020: La Ministra de la Mujer y la Equidad de G\u00e9nero, M\u00f3nica Zalaquett, junto al Subsecretario del Trabajo, Fernando Arab y el Director del Sence, Juan Manuel Santa Cruz, presentaron el programa&#46;&#46;&#46;<\/p>\n","protected":false},"author":2,"featured_media":23050,"comment_status":"closed","ping_status":"open","sticky":false,"template":"","format":"standard","meta":{"footnotes":""},"categories":[1],"tags":[2325,1115,1602,8,6,117],"class_list":["post-23049","post","type-post","status-publish","format-standard","has-post-thumbnail","hentry","category-noticias","tag-mujer-digital","tag-noticias","tag-sence","tag-yungay","tag-yungayino","tag-yungayinocl"],"_links":{"self":[{"href":"https:\/\/www.yungayino.cl\/noticias\/index.php?rest_route=\/wp\/v2\/posts\/23049","targetHints":{"allow":["GET"]}}],"collection":[{"href":"https:\/\/www.yungayino.cl\/noticias\/index.php?rest_route=\/wp\/v2\/posts"}],"about":[{"href":"https:\/\/www.yungayino.cl\/noticias\/index.php?rest_route=\/wp\/v2\/types\/post"}],"author":[{"embeddable":true,"href":"https:\/\/www.yungayino.cl\/noticias\/index.php?rest_route=\/wp\/v2\/users\/2"}],"replies":[{"embeddable":true,"href":"https:\/\/www.yungayino.cl\/noticias\/index.php?rest_route=%2Fwp%2Fv2%2Fcomments&post=23049"}],"version-history":[{"count":3,"href":"https:\/\/www.yungayino.cl\/noticias\/index.php?rest_route=\/wp\/v2\/posts\/23049\/revisions"}],"predecessor-version":[{"id":23053,"href":"https:\/\/www.yungayino.cl\/noticias\/index.php?rest_route=\/wp\/v2\/posts\/23049\/revisions\/23053"}],"wp:featuredmedia":[{"embeddable":true,"href":"https:\/\/www.yungayino.cl\/noticias\/index.php?rest_route=\/wp\/v2\/media\/23050"}],"wp:attachment":[{"href":"https:\/\/www.yungayino.cl\/noticias\/index.php?rest_route=%2Fwp%2Fv2%2Fmedia&parent=23049"}],"wp:term":[{"taxonomy":"category","embeddable":true,"href":"https:\/\/www.yungayino.cl\/noticias\/index.php?rest_route=%2Fwp%2Fv2%2Fcategories&post=23049"},{"taxonomy":"post_tag","embeddable":true,"href":"https:\/\/www.yungayino.cl\/noticias\/index.php?rest_route=%2Fwp%2Fv2%2Ftags&post=23049"}],"curies":[{"name":"wp","href":"https:\/\/api.w.org\/{rel}","templated":true}]}}