{"id":23064,"date":"2020-08-24T20:29:30","date_gmt":"2020-08-24T23:29:30","guid":{"rendered":"http:\/\/www.yungayino.cl\/noticias\/?p=23064"},"modified":"2020-08-24T20:29:30","modified_gmt":"2020-08-24T23:29:30","slug":"nuble-invitan-a-organizaciones-a-postular-a-programa-dialogo-social-con-enfasis-en-el-mundo-laboral-en-epoca-de-pandemia","status":"publish","type":"post","link":"https:\/\/www.yungayino.cl\/noticias\/?p=23064","title":{"rendered":"\u00d1uble: Invitan a Organizaciones a Postular a Programa \u201cDi\u00e1logo Social\u201d con \u00c9nfasis en el Mundo Laboral en \u00c9poca de Pandemia"},"content":{"rendered":"<p><img loading=\"lazy\" decoding=\"async\" class=\"alignnone size-full wp-image-23065\" src=\"http:\/\/www.yungayino.cl\/noticias\/wp-content\/uploads\/2020\/08\/\u00f1uble.jpg\" alt=\"\" width=\"700\" height=\"350\" srcset=\"https:\/\/www.yungayino.cl\/noticias\/wp-content\/uploads\/2020\/08\/\u00f1uble.jpg 700w, https:\/\/www.yungayino.cl\/noticias\/wp-content\/uploads\/2020\/08\/\u00f1uble-300x150.jpg 300w\" sizes=\"auto, (max-width: 700px) 100vw, 700px\" \/><\/p>\n<p style=\"text-align: justify;\">\u00d1uble, agosto 2020: Desde la semana pasada, y <strong>hasta el 14 de septiembre<\/strong>, permanece abierta la licitaci\u00f3n p\u00fablica para el programa \u201cDi\u00e1logo Social\u201d, l\u00ednea nacional, de la Subsecretar\u00eda del Trabajo. Desde la Secretar\u00eda Regional Ministerial del Trabajo y Previsi\u00f3n Social de \u00d1uble, hicieron un llamado a las organizaciones locales a presentar proyectos para la iniciativa que este a\u00f1o se centrar\u00e1 en el mundo laboral en \u00e9poca de pandemia.<\/p>\n<p style=\"text-align: justify;\">La seremi del ramo, Yeniffer Ferrada, destac\u00f3 la posibilidad de generar una instancia tripartita entre trabajadores, empleadores y Gobierno. \u201cHoy, m\u00e1s que nunca, necesitamos que todos los actores del mundo laboral tengan la voluntad y generosidad de avanzar en alcanzar espacios laborales dignos y seguros en un contexto al que hemos debido adaptarnos. Desde nuestro ministerio estaremos siempre que nos necesiten\u201d, dijo.<\/p>\n<p style=\"text-align: justify;\">De igual modo, la seremi explic\u00f3 que durante las \u00faltimas semanas \u201chemos llevado adelante una serie de encuentros con dirigentes sindicales de \u00d1uble, con mutualidades, comit\u00e9s paritarios, porque entendemos que son instituciones relevantes dentro de las empresas y faenas, sobre todo, en este escenario de regreso a la actividad y en temas como el teletrabajo. Ahora, con este programa tenemos la oportunidad de reforzar aquello, incorporando, por ejemplo, la hoja de ruta que es el plan \u2018Paso a Paso Laboral\u2019\u201d.<\/p>\n<p style=\"text-align: justify;\">Pueden presentar ofertas para la adjudicaci\u00f3n del programa \u201cDi\u00e1logo Social\u201d personas naturales y jur\u00eddicas, con o sin fines de lucro, que no registren condenas por pr\u00e1cticas antisindicales o a los derechos fundamentales del trabajador por delitos concursales sujetos de pena, durante los \u00faltimos dos a\u00f1os. Los plazos y especificidades de la licitaci\u00f3n se encuentran en el sitio web <strong><a href=\"https:\/\/www.mercadopublico.cl\/Home\">www.mercadopublico.cl<\/a><\/strong>.<\/p>\n<p style=\"text-align: justify;\">El Departamento de Di\u00e1logo Social del Ministerio del Trabajo es el ente encargado de coordinar y organizar, en todo el pa\u00eds, tanto el Fondo de Formaci\u00f3n Sindical y Relaciones Laborales Colaborativas como el Programa de Di\u00e1logo Social, con el fin de robustecer las competencias t\u00e9cnicas y conocimientos de los trabajadores, empleadores y organizaciones con representatividad laboral, en el marco de la Ley 20.940.<\/p>\n","protected":false},"excerpt":{"rendered":"<p>\u00d1uble, agosto 2020: Desde la semana pasada, y hasta el 14 de septiembre, permanece abierta la licitaci\u00f3n p\u00fablica para el programa \u201cDi\u00e1logo Social\u201d, l\u00ednea nacional, de la Subsecretar\u00eda del Trabajo. Desde la Secretar\u00eda Regional&#46;&#46;&#46;<\/p>\n","protected":false},"author":2,"featured_media":23065,"comment_status":"closed","ping_status":"open","sticky":false,"template":"","format":"standard","meta":{"footnotes":""},"categories":[1],"tags":[2330,2329,1115,8,6,117],"class_list":["post-23064","post","type-post","status-publish","format-standard","has-post-thumbnail","hentry","category-noticias","tag-dialogo-social","tag-mercado-publico","tag-noticias","tag-yungay","tag-yungayino","tag-yungayinocl"],"_links":{"self":[{"href":"https:\/\/www.yungayino.cl\/noticias\/index.php?rest_route=\/wp\/v2\/posts\/23064","targetHints":{"allow":["GET"]}}],"collection":[{"href":"https:\/\/www.yungayino.cl\/noticias\/index.php?rest_route=\/wp\/v2\/posts"}],"about":[{"href":"https:\/\/www.yungayino.cl\/noticias\/index.php?rest_route=\/wp\/v2\/types\/post"}],"author":[{"embeddable":true,"href":"https:\/\/www.yungayino.cl\/noticias\/index.php?rest_route=\/wp\/v2\/users\/2"}],"replies":[{"embeddable":true,"href":"https:\/\/www.yungayino.cl\/noticias\/index.php?rest_route=%2Fwp%2Fv2%2Fcomments&post=23064"}],"version-history":[{"count":1,"href":"https:\/\/www.yungayino.cl\/noticias\/index.php?rest_route=\/wp\/v2\/posts\/23064\/revisions"}],"predecessor-version":[{"id":23066,"href":"https:\/\/www.yungayino.cl\/noticias\/index.php?rest_route=\/wp\/v2\/posts\/23064\/revisions\/23066"}],"wp:featuredmedia":[{"embeddable":true,"href":"https:\/\/www.yungayino.cl\/noticias\/index.php?rest_route=\/wp\/v2\/media\/23065"}],"wp:attachment":[{"href":"https:\/\/www.yungayino.cl\/noticias\/index.php?rest_route=%2Fwp%2Fv2%2Fmedia&parent=23064"}],"wp:term":[{"taxonomy":"category","embeddable":true,"href":"https:\/\/www.yungayino.cl\/noticias\/index.php?rest_route=%2Fwp%2Fv2%2Fcategories&post=23064"},{"taxonomy":"post_tag","embeddable":true,"href":"https:\/\/www.yungayino.cl\/noticias\/index.php?rest_route=%2Fwp%2Fv2%2Ftags&post=23064"}],"curies":[{"name":"wp","href":"https:\/\/api.w.org\/{rel}","templated":true}]}}