{"id":23132,"date":"2020-09-07T07:00:52","date_gmt":"2020-09-07T10:00:52","guid":{"rendered":"http:\/\/www.yungayino.cl\/noticias\/?p=23132"},"modified":"2020-09-04T22:46:01","modified_gmt":"2020-09-05T01:46:01","slug":"gobierno-hace-positivo-balance-de-avances-en-nuble-a-dos-anos-de-convertirse-en-region","status":"publish","type":"post","link":"https:\/\/www.yungayino.cl\/noticias\/?p=23132","title":{"rendered":"Gobierno Hace Positivo Balance de Avances en \u00d1uble a Dos A\u00f1os de Convertirse en Regi\u00f3n"},"content":{"rendered":"<p><img loading=\"lazy\" decoding=\"async\" class=\"alignnone size-full wp-image-23133\" src=\"http:\/\/www.yungayino.cl\/noticias\/wp-content\/uploads\/2020\/09\/nuble.jpg\" alt=\"\" width=\"700\" height=\"350\" srcset=\"https:\/\/www.yungayino.cl\/noticias\/wp-content\/uploads\/2020\/09\/nuble.jpg 700w, https:\/\/www.yungayino.cl\/noticias\/wp-content\/uploads\/2020\/09\/nuble-300x150.jpg 300w\" sizes=\"auto, (max-width: 700px) 100vw, 700px\" \/><\/p>\n<p style=\"text-align: justify;\">\u00d1uble, septiembre 2020: En el marco del segundo aniversario de la Regi\u00f3n de \u00d1uble, el ministro del Interior y Seguridad P\u00fablica, V\u00edctor P\u00e9rez, junto al minstro Secretario General de la Presidencia, Cristi\u00e1n Monckeberg, se reunieron de manera telem\u00e1tica con el intendente Mart\u00edn Arrau para abordar los avances y desaf\u00edos del plan regional.<\/p>\n<p style=\"text-align: justify;\">De las 178 iniciativas planteadas en el Plan Regional, que representan una inversi\u00f3n p\u00fablico-privada a ocho a\u00f1os por un total de MM US$5,201, el 27% de ellas ya se encuentran finalizadas, mientras un 39% est\u00e1 en proceso de ejecuci\u00f3n y un 17% est\u00e1 pr\u00f3ximo a iniciar sus obras.<\/p>\n<p style=\"text-align: justify;\">Los ejes del plan establecido por el Gobierno son cuatro: \u00d1uble Conectado, Progreso Sustentable, Calidad de Vida y Oportunidades para Todos, y han permitido que la regi\u00f3n ya cuente con dos Centros de Salud Familiar (CESFAM): San Ignacio y Coihueco, un CECOSF en Chacay y un Sar en Chill\u00e1n Viejo, m\u00e1s cuatro que se encuentran en construcci\u00f3n: Pueblo Seco, Ultraestaci\u00f3n, Chill\u00e1n Viejo y Quill\u00f3n, a la vez que tambi\u00e9n iniciamos obras del Hospital Regional de \u00d1uble.<\/p>\n<p style=\"text-align: justify;\">En t\u00e9rminos educacionales, en los \u00faltimos dos a\u00f1os se han adjudicado 11 Liceos Bicentenario, mientras que el a\u00f1o 2019 se entregaron 291 becas de educaci\u00f3n superior para egresados de educaci\u00f3n t\u00e9cnico profesional, beneficio que se continuar\u00e1 entregando este 2020.<\/p>\n<p style=\"text-align: justify;\">En cuanto al Plan \u00d1uble Respira, ya se ha avanzado en un 73% en el recambio de calefactores de le\u00f1a antigua, lo que equivale al reemplazo de 3.440 aparatos, mientras que tambi\u00e9n se llev\u00f3 a cabo un convenio entre el Gobierno Regional y la Comisi\u00f3n Nacional de Riego (CNR) para cofinanciar proyectos de riego, fortalecer a las organizaciones de usuarios y realizar estudios para determinar alternativas de riego en la zona.<\/p>\n<p style=\"text-align: justify;\">Asimismo, se han entregado m\u00e1s de 4.500 subsidios de vivienda, mientras el Consejo Regional aprob\u00f3 en julio la Estrategia Regional de Desarrollo de \u00d1uble, la primera hoja de ruta de la regi\u00f3n al 2028.<\/p>\n<p style=\"text-align: justify;\">Al respecto, el ministro P\u00e9rez sostuvo que \u201ctras dos a\u00f1os se aprecia una profunda diferencia entre la antigua provincia de \u00d1uble y la hoy regi\u00f3n en todos los aspectos y la gente, los alcaldes, los dirigentes vecinales as\u00ed lo sienten, es un estado distinto. La Regi\u00f3n de \u00d1uble ha emergido con mucha fuerza marcando hitos que ya son muy significativos desde una comunidad rural que hoy recibe los beneficios que tiene la gente que vive en las ciudades\u201d<\/p>\n<p style=\"text-align: justify;\">En tanto, el ministro Monckeberg se\u00f1al\u00f3 que \u201cse cumplen dos a\u00f1os de la creaci\u00f3n de la regi\u00f3n de \u00d1uble, con el objetivo de potenciar esta zona con inversiones, infraestructura, mejoras en salud, educaci\u00f3n y calidad de vida, y ahora vemos c\u00f3mo se han alcanzado grandes avances que benefician a todos los \u00f1ublensinos y que nos tienen orgullosos y nos impulsan a seguir trabajando con m\u00e1s ganas por el bienestar de nuestra regi\u00f3n m\u00e1s joven\u201d.<\/p>\n<p style=\"text-align: justify;\">Por \u00faltimo, el intendente Arrau asegur\u00f3 que \u201chan sido dos a\u00f1os donde hemos ido construyendo en conjunto la regi\u00f3n que queremos, con mucho terreno, trabajo, horas de caminatas y reuniones con los vecinos de quienes recogemos todas las prioridades que hoy se traducen en obras concretas como caminos, APR, infraestructura en salud, y un sinn\u00famero de \u00a0oportunidades para que las familias de \u00d1uble puedan vivir mejor. Ese es y seguir\u00e1 siendo nuestro motor y compromiso, porque si bien crecimos y avanzamos, tambi\u00e9n la situaci\u00f3n actual nos impone nuevos desaf\u00edos\u00bb.<\/p>\n<p style=\"text-align: justify;\"><strong><u>Plan Paso a Paso<\/u><\/strong><\/p>\n<p style=\"text-align: justify;\">En lo que respecta al Plan Paso a Paso Chile se Recupera anunciado por el Presidente de la Rep\u00fablica, Sebasti\u00e1n Pi\u00f1era, las autoridades abordaron las distintas iniciativas de inversi\u00f3n p\u00fablica y privada para la Regi\u00f3n de \u00d1uble, entre las que se encuentran el Polideportivo Centro Elige Vivir Sano \u00d1uble y el Polideportivo Municipal San Carlos, la construcci\u00f3n, mejoramiento y ampliaci\u00f3n de m\u00e1s de 244 kil\u00f3metros de caminos, el mejoramiento de Avenida Diagonal Las Termas y Avenida Huambal\u00ed en Chill\u00e1n y la construcci\u00f3n de seis sistemas de Agua Potable Rural (APR), beneficiando a m\u00e1s de 600 familias, entre otras iniciativas que tienen como objetivo reactivar econ\u00f3micamente a la regi\u00f3n tras los efectos de la pandemia.<\/p>\n","protected":false},"excerpt":{"rendered":"<p>\u00d1uble, septiembre 2020: En el marco del segundo aniversario de la Regi\u00f3n de \u00d1uble, el ministro del Interior y Seguridad P\u00fablica, V\u00edctor P\u00e9rez, junto al minstro Secretario General de la Presidencia, Cristi\u00e1n Monckeberg, se&#46;&#46;&#46;<\/p>\n","protected":false},"author":2,"featured_media":23133,"comment_status":"closed","ping_status":"open","sticky":false,"template":"","format":"standard","meta":{"footnotes":""},"categories":[3,1],"tags":[1115,1678,8,6,117],"class_list":["post-23132","post","type-post","status-publish","format-standard","has-post-thumbnail","hentry","category-actualidad","category-noticias","tag-noticias","tag-nuble","tag-yungay","tag-yungayino","tag-yungayinocl"],"_links":{"self":[{"href":"https:\/\/www.yungayino.cl\/noticias\/index.php?rest_route=\/wp\/v2\/posts\/23132","targetHints":{"allow":["GET"]}}],"collection":[{"href":"https:\/\/www.yungayino.cl\/noticias\/index.php?rest_route=\/wp\/v2\/posts"}],"about":[{"href":"https:\/\/www.yungayino.cl\/noticias\/index.php?rest_route=\/wp\/v2\/types\/post"}],"author":[{"embeddable":true,"href":"https:\/\/www.yungayino.cl\/noticias\/index.php?rest_route=\/wp\/v2\/users\/2"}],"replies":[{"embeddable":true,"href":"https:\/\/www.yungayino.cl\/noticias\/index.php?rest_route=%2Fwp%2Fv2%2Fcomments&post=23132"}],"version-history":[{"count":2,"href":"https:\/\/www.yungayino.cl\/noticias\/index.php?rest_route=\/wp\/v2\/posts\/23132\/revisions"}],"predecessor-version":[{"id":23135,"href":"https:\/\/www.yungayino.cl\/noticias\/index.php?rest_route=\/wp\/v2\/posts\/23132\/revisions\/23135"}],"wp:featuredmedia":[{"embeddable":true,"href":"https:\/\/www.yungayino.cl\/noticias\/index.php?rest_route=\/wp\/v2\/media\/23133"}],"wp:attachment":[{"href":"https:\/\/www.yungayino.cl\/noticias\/index.php?rest_route=%2Fwp%2Fv2%2Fmedia&parent=23132"}],"wp:term":[{"taxonomy":"category","embeddable":true,"href":"https:\/\/www.yungayino.cl\/noticias\/index.php?rest_route=%2Fwp%2Fv2%2Fcategories&post=23132"},{"taxonomy":"post_tag","embeddable":true,"href":"https:\/\/www.yungayino.cl\/noticias\/index.php?rest_route=%2Fwp%2Fv2%2Ftags&post=23132"}],"curies":[{"name":"wp","href":"https:\/\/api.w.org\/{rel}","templated":true}]}}