{"id":23157,"date":"2020-09-11T23:00:55","date_gmt":"2020-09-12T02:00:55","guid":{"rendered":"http:\/\/www.yungayino.cl\/noticias\/?p=23157"},"modified":"2020-09-13T17:33:44","modified_gmt":"2020-09-13T20:33:44","slug":"gobierno-abre-375-cupos-de-capacitacion-para-que-miembros-de-pequenas-empresas-de-nuble-adquieran-mejores-herramientas","status":"publish","type":"post","link":"https:\/\/www.yungayino.cl\/noticias\/?p=23157","title":{"rendered":"Gobierno Abre 375 Cupos de Capacitaci\u00f3n Para que Miembros de Peque\u00f1as Empresas de \u00d1uble Adquieran Mejores Herramientas"},"content":{"rendered":"<p><img loading=\"lazy\" decoding=\"async\" class=\"alignnone size-full wp-image-23158\" src=\"http:\/\/www.yungayino.cl\/noticias\/wp-content\/uploads\/2020\/09\/Despega-Mipe.jpg\" alt=\"\" width=\"700\" height=\"349\" srcset=\"https:\/\/www.yungayino.cl\/noticias\/wp-content\/uploads\/2020\/09\/Despega-Mipe.jpg 700w, https:\/\/www.yungayino.cl\/noticias\/wp-content\/uploads\/2020\/09\/Despega-Mipe-300x150.jpg 300w, https:\/\/www.yungayino.cl\/noticias\/wp-content\/uploads\/2020\/09\/Despega-Mipe-301x150.jpg 301w\" sizes=\"auto, (max-width: 700px) 100vw, 700px\" \/><\/p>\n<p style=\"text-align: justify;\">\u00d1uble, septiembre 2020: A trav\u00e9s del programa Despega Mipe del Servicio Nacional de Capacitaci\u00f3n y Empleo (Sence), el Gobierno ha destinado 375 cupos para que miembros de micro y peque\u00f1as empresas de la Regi\u00f3n de \u00d1uble puedan capacitarse y as\u00ed adquirir mejores herramientas de gesti\u00f3n y difusi\u00f3n de sus negocios, en \u00e9poca de pandemia.<\/p>\n<p style=\"text-align: justify;\">En una primera instancia, y hasta que las condiciones lo ameriten, los cursos se realizar\u00e1n 100% online en la plataforma web <strong><a href=\"http:\/\/www.sence.cl\">www.sence.cl<\/a><\/strong>. Pueden tomarlos due\u00f1os, socios, trabajadores y representantes legales de empresas que entren en la categor\u00eda de Mipes.<\/p>\n<p style=\"text-align: justify;\">En la oferta del programa, destacan, entre otros, los m\u00f3dulos \u201cComercio electr\u00f3nico y marketing digital\u201d, \u201cAlfabetizaci\u00f3n digital\u201d, \u201cGestor de comercio electr\u00f3nico en Mipes\u201d, \u201cLegislaci\u00f3n laboral y tributaria\u201d y \u201cAdministrativa, financiera y contable\u201d.<\/p>\n<p style=\"text-align: justify;\">\u201cSon cerca de 7.000 personas que en todo Chile se podr\u00e1n capacitar en materias de suma relevancia, sobre todo en este tiempo. Esperamos que en nuestra regi\u00f3n este programa se convierta en una buena oportunidad para cientos de emprendedores y trabajadores que hasta ahora han tenido una inventiva tremenda para adaptarse a los vaivenes que este a\u00f1o ha tra\u00eddo. Como ministerio queremos traspasar todas las herramientas posibles para empujar una reactivaci\u00f3n responsable\u201d, se\u00f1al\u00f3 la seremi del Trabajo y Previsi\u00f3n Social de \u00d1uble, Yeniffer Ferrada.<\/p>\n<p style=\"text-align: justify;\">Por su parte, el seremi de Econom\u00eda, Roger Cisterna, indic\u00f3 que el Despega Mipe representa la oportunidad de \u201ccapacitar a nuestros trabajadores y disponer de cursos online que son herramientas de gran utilidad para ampliar las competencias de quienes se desenvuelven o buscan ingresar al mundo laboral. El marketing ha tomado gran fuerza sobre todo en la comercializaci\u00f3n, por ello la necesidad de potenciar el desarrollo de estrategias digitales, puesto a que las empresas o negocios necesitan adaptarse r\u00e1pidamente a los cambios, para poder responder a la urgencia de atenci\u00f3n inmediata por parte de los consumidores\u201d.<\/p>\n<p style=\"text-align: justify;\">Cisterna agreg\u00f3 que la invitaci\u00f3n es \u201ca utilizar los instrumentos de fomento que pone a disposici\u00f3n el Gobierno del Presidente Sebasti\u00e1n Pi\u00f1era para mejorar la competitividad en las distintas \u00e1reas de trabajo\u201d.<\/p>\n<p style=\"text-align: justify;\">El director regional del Sence, Rodolfo Zaror, destac\u00f3 que \u201cnosotros nos hemos puesto un objetivo muy claro, el cual es mejorar las competencias y competitividad de la micro y peque\u00f1a empresa, porque entendemos que son parte fundamental de la econom\u00eda regional, son el motor, y no podemos sino apoyarlas decididamente. Pese a lo complicados que han sido estos \u00faltimos meses, los datos muestran que en la venta online hay una realidad con muchas posibilidades de expansi\u00f3n\u201d.<\/p>\n<p style=\"text-align: justify;\">Los requisitos para acceder al programa Despega Mipe son que la persona sea representante legal, due\u00f1o, socio o trabajador de una micro o peque\u00f1a empresa. Adem\u00e1s, acreditar ingresos anuales por ventas, servicios y otras actividades del giro que no excedan a 25.000 U.F. en el \u00faltimo a\u00f1o calendario.<\/p>\n","protected":false},"excerpt":{"rendered":"<p>\u00d1uble, septiembre 2020: A trav\u00e9s del programa Despega Mipe del Servicio Nacional de Capacitaci\u00f3n y Empleo (Sence), el Gobierno ha destinado 375 cupos para que miembros de micro y peque\u00f1as empresas de la Regi\u00f3n&#46;&#46;&#46;<\/p>\n","protected":false},"author":2,"featured_media":23158,"comment_status":"closed","ping_status":"open","sticky":false,"template":"","format":"standard","meta":{"footnotes":""},"categories":[1,32],"tags":[585,2350,1115,1678,1602,8,6,117],"class_list":["post-23157","post","type-post","status-publish","format-standard","has-post-thumbnail","hentry","category-noticias","category-servicios","tag-capacitacion","tag-mipe","tag-noticias","tag-nuble","tag-sence","tag-yungay","tag-yungayino","tag-yungayinocl"],"_links":{"self":[{"href":"https:\/\/www.yungayino.cl\/noticias\/index.php?rest_route=\/wp\/v2\/posts\/23157","targetHints":{"allow":["GET"]}}],"collection":[{"href":"https:\/\/www.yungayino.cl\/noticias\/index.php?rest_route=\/wp\/v2\/posts"}],"about":[{"href":"https:\/\/www.yungayino.cl\/noticias\/index.php?rest_route=\/wp\/v2\/types\/post"}],"author":[{"embeddable":true,"href":"https:\/\/www.yungayino.cl\/noticias\/index.php?rest_route=\/wp\/v2\/users\/2"}],"replies":[{"embeddable":true,"href":"https:\/\/www.yungayino.cl\/noticias\/index.php?rest_route=%2Fwp%2Fv2%2Fcomments&post=23157"}],"version-history":[{"count":1,"href":"https:\/\/www.yungayino.cl\/noticias\/index.php?rest_route=\/wp\/v2\/posts\/23157\/revisions"}],"predecessor-version":[{"id":23159,"href":"https:\/\/www.yungayino.cl\/noticias\/index.php?rest_route=\/wp\/v2\/posts\/23157\/revisions\/23159"}],"wp:featuredmedia":[{"embeddable":true,"href":"https:\/\/www.yungayino.cl\/noticias\/index.php?rest_route=\/wp\/v2\/media\/23158"}],"wp:attachment":[{"href":"https:\/\/www.yungayino.cl\/noticias\/index.php?rest_route=%2Fwp%2Fv2%2Fmedia&parent=23157"}],"wp:term":[{"taxonomy":"category","embeddable":true,"href":"https:\/\/www.yungayino.cl\/noticias\/index.php?rest_route=%2Fwp%2Fv2%2Fcategories&post=23157"},{"taxonomy":"post_tag","embeddable":true,"href":"https:\/\/www.yungayino.cl\/noticias\/index.php?rest_route=%2Fwp%2Fv2%2Ftags&post=23157"}],"curies":[{"name":"wp","href":"https:\/\/api.w.org\/{rel}","templated":true}]}}