{"id":23160,"date":"2020-09-14T07:00:57","date_gmt":"2020-09-14T10:00:57","guid":{"rendered":"http:\/\/www.yungayino.cl\/noticias\/?p=23160"},"modified":"2020-09-13T17:35:40","modified_gmt":"2020-09-13T20:35:40","slug":"mineduc-abre-convocatoria-para-proyecto-conectividad-para-la-educacion-2030","status":"publish","type":"post","link":"https:\/\/www.yungayino.cl\/noticias\/?p=23160","title":{"rendered":"Mineduc Abre Convocatoria Para Proyecto \u201cConectividad Para la Educaci\u00f3n 2030\u201d"},"content":{"rendered":"<p><img loading=\"lazy\" decoding=\"async\" class=\"alignnone size-full wp-image-23161\" src=\"http:\/\/www.yungayino.cl\/noticias\/wp-content\/uploads\/2020\/09\/conectividad2030.jpg\" alt=\"\" width=\"700\" height=\"394\" srcset=\"https:\/\/www.yungayino.cl\/noticias\/wp-content\/uploads\/2020\/09\/conectividad2030.jpg 700w, https:\/\/www.yungayino.cl\/noticias\/wp-content\/uploads\/2020\/09\/conectividad2030-300x169.jpg 300w, https:\/\/www.yungayino.cl\/noticias\/wp-content\/uploads\/2020\/09\/conectividad2030-266x150.jpg 266w\" sizes=\"auto, (max-width: 700px) 100vw, 700px\" \/><\/p>\n<p style=\"text-align: justify;\">Nacional, septiembre 2020: A trav\u00e9s de sus sostenedores, los establecimientos educacionales del pa\u00eds pueden postular, desde el 7 de septiembre a trav\u00e9s de la web <strong><a href=\"https:\/\/nam02.safelinks.protection.outlook.com\/?url=http%3A%2F%2Fwww.conectividad2030.cl%2F&amp;data=02%7C01%7Cmariav.ruiz%40mineduc.cl%7C443512b1841b45f0edd708d855819403%7C2e4cfe500580414093874ecde39def60%7C1%7C0%7C637353362331638425&amp;sdata=d9hEnySGwzhC64emMgpgVft1dGH35KbbLbaCHoXDBXc%3D&amp;reserved=0\">www.conectividad2030.cl<\/a><\/strong><u>,<\/u> a los beneficios del proyecto \u201cConectividad para la Educaci\u00f3n 2030\u201d que entregar\u00e1 conectividad a Internet de alta velocidad sin costo para los establecimientos hasta el fin de la d\u00e9cada. Incluye un incremento gradual de la velocidad de banda ancha durante esos a\u00f1os, la protecci\u00f3n de amenazas en la red y control parental, entre otros beneficios.<\/p>\n<p style=\"text-align: justify;\">\u201cInvitamos a todos los sostenedores de la Regi\u00f3n de \u00d1uble, hasta el 28 de septiembre, a sumarse a esta iniciativa que beneficiar\u00e1 al 99,9% de la matr\u00edcula del sistema educativo a nivel nacional, y que busca potenciar el uso de Internet en los procesos educativos y administrativos, permitiendo que Chile cuente con el mismo est\u00e1ndar de Internet Escolar que pa\u00edses desarrollados\u201d, se\u00f1al\u00f3 el Seremi de Educaci\u00f3n, Daniel San Mart\u00edn.<\/p>\n<p style=\"text-align: justify;\">Podr\u00e1n participar todos los establecimientos del pa\u00eds que reciben subvenci\u00f3n del Estado, ya sean de educaci\u00f3n b\u00e1sica o media, y que a fines del 2019 contaban con m\u00e1s de 5 estudiantes. El nuevo servicio de conectividad comenzar\u00e1 a operar a partir de 2021. Cabe destacar que aquellos sostenedores que actualmente son parte del proyecto \u201cConectividad para la Educaci\u00f3n\u201d de 2011, tambi\u00e9n deben confirmar la participaci\u00f3n de sus establecimientos educacionales en \u201cConectividad para la Educaci\u00f3n 2030\u201d, que busca mejorar el programa original que tras nueve a\u00f1os llegar\u00e1 a su fin.<\/p>\n<p style=\"text-align: justify;\">El proyecto \u201cConectividad para la Educaci\u00f3n 2030\u201d es realizado a trav\u00e9s del Fondo de Desarrollo de las Telecomunicaciones de Subtel en colaboraci\u00f3n con el\u00a0<a href=\"https:\/\/nam02.safelinks.protection.outlook.com\/?url=https%3A%2F%2Fwww.innovacion.mineduc.cl%2F&amp;data=02%7C01%7Cmariav.ruiz%40mineduc.cl%7C443512b1841b45f0edd708d855819403%7C2e4cfe500580414093874ecde39def60%7C1%7C0%7C637353362331638425&amp;sdata=eLliYoEq8X13f9QPiHXDtjTMGc2M5W0Cl6Hhg0vN7gk%3D&amp;reserved=0\">Centro de Innovaci\u00f3n<\/a>\u00a0del MINEDUC. Cuenta con un subsidio m\u00e1ximo de hasta $13.000 millones por a\u00f1o y busca beneficiar al 99,9% de la matr\u00edcula del sistema educativo que recibe alg\u00fan tipo de subvenci\u00f3n por parte del Estado, compuesta por m\u00e1s de 10.000 establecimientos educacionales y cerca de 3.200.000 alumnos\/as a trav\u00e9s de la contrataci\u00f3n de un servicio de Internet de calidad.<\/p>\n<p style=\"text-align: justify;\">Para m\u00e1s informaci\u00f3n visitar la web <strong><a href=\"https:\/\/nam02.safelinks.protection.outlook.com\/?url=http%3A%2F%2Fwww.conectividad2030.cl%2F&amp;data=02%7C01%7Cmariav.ruiz%40mineduc.cl%7C443512b1841b45f0edd708d855819403%7C2e4cfe500580414093874ecde39def60%7C1%7C0%7C637353362331648419&amp;sdata=Su28ChusjDy7rMOgRCTtFd2kFrFA%2BcEqm5%2F6JEm0Q04%3D&amp;reserved=0\">www.conectividad2030.cl<\/a><\/strong> y en redes sociales, el hashtag #conectividad2030<\/p>\n<p style=\"text-align: justify;\">\n","protected":false},"excerpt":{"rendered":"<p>Nacional, septiembre 2020: A trav\u00e9s de sus sostenedores, los establecimientos educacionales del pa\u00eds pueden postular, desde el 7 de septiembre a trav\u00e9s de la web www.conectividad2030.cl, a los beneficios del proyecto \u201cConectividad para la&#46;&#46;&#46;<\/p>\n","protected":false},"author":2,"featured_media":23161,"comment_status":"closed","ping_status":"open","sticky":false,"template":"","format":"standard","meta":{"footnotes":""},"categories":[3,1493,1,32],"tags":[2352,366,2351,1115,8,6,117],"class_list":["post-23160","post","type-post","status-publish","format-standard","has-post-thumbnail","hentry","category-actualidad","category-educacion","category-noticias","category-servicios","tag-conectividad2030","tag-educacion","tag-internet","tag-noticias","tag-yungay","tag-yungayino","tag-yungayinocl"],"_links":{"self":[{"href":"https:\/\/www.yungayino.cl\/noticias\/index.php?rest_route=\/wp\/v2\/posts\/23160","targetHints":{"allow":["GET"]}}],"collection":[{"href":"https:\/\/www.yungayino.cl\/noticias\/index.php?rest_route=\/wp\/v2\/posts"}],"about":[{"href":"https:\/\/www.yungayino.cl\/noticias\/index.php?rest_route=\/wp\/v2\/types\/post"}],"author":[{"embeddable":true,"href":"https:\/\/www.yungayino.cl\/noticias\/index.php?rest_route=\/wp\/v2\/users\/2"}],"replies":[{"embeddable":true,"href":"https:\/\/www.yungayino.cl\/noticias\/index.php?rest_route=%2Fwp%2Fv2%2Fcomments&post=23160"}],"version-history":[{"count":1,"href":"https:\/\/www.yungayino.cl\/noticias\/index.php?rest_route=\/wp\/v2\/posts\/23160\/revisions"}],"predecessor-version":[{"id":23162,"href":"https:\/\/www.yungayino.cl\/noticias\/index.php?rest_route=\/wp\/v2\/posts\/23160\/revisions\/23162"}],"wp:featuredmedia":[{"embeddable":true,"href":"https:\/\/www.yungayino.cl\/noticias\/index.php?rest_route=\/wp\/v2\/media\/23161"}],"wp:attachment":[{"href":"https:\/\/www.yungayino.cl\/noticias\/index.php?rest_route=%2Fwp%2Fv2%2Fmedia&parent=23160"}],"wp:term":[{"taxonomy":"category","embeddable":true,"href":"https:\/\/www.yungayino.cl\/noticias\/index.php?rest_route=%2Fwp%2Fv2%2Fcategories&post=23160"},{"taxonomy":"post_tag","embeddable":true,"href":"https:\/\/www.yungayino.cl\/noticias\/index.php?rest_route=%2Fwp%2Fv2%2Ftags&post=23160"}],"curies":[{"name":"wp","href":"https:\/\/api.w.org\/{rel}","templated":true}]}}