{"id":23218,"date":"2020-10-02T07:00:11","date_gmt":"2020-10-02T10:00:11","guid":{"rendered":"http:\/\/www.yungayino.cl\/noticias\/?p=23218"},"modified":"2020-10-01T19:59:11","modified_gmt":"2020-10-01T22:59:11","slug":"envejecimiento-positivo-autoridades-de-nuble-destacan-proyecto-de-ley-que-beneficia-a-personas-mayores","status":"publish","type":"post","link":"https:\/\/www.yungayino.cl\/noticias\/?p=23218","title":{"rendered":"Envejecimiento Positivo: Autoridades de \u00d1uble Destacan Proyecto de Ley que Beneficia a Personas Mayores"},"content":{"rendered":"<p><img loading=\"lazy\" decoding=\"async\" class=\"alignnone size-full wp-image-23219\" src=\"http:\/\/www.yungayino.cl\/noticias\/wp-content\/uploads\/2020\/10\/portada-1.jpg\" alt=\"\" width=\"700\" height=\"525\" srcset=\"https:\/\/www.yungayino.cl\/noticias\/wp-content\/uploads\/2020\/10\/portada-1.jpg 700w, https:\/\/www.yungayino.cl\/noticias\/wp-content\/uploads\/2020\/10\/portada-1-300x225.jpg 300w, https:\/\/www.yungayino.cl\/noticias\/wp-content\/uploads\/2020\/10\/portada-1-200x150.jpg 200w\" sizes=\"auto, (max-width: 700px) 100vw, 700px\" \/><\/p>\n<p style=\"text-align: justify;\">\u00d1uble, Octubre 2020: Ayer en el marco del D\u00eda Internacional de las Personas Mayores, el Presidente Sebasti\u00e1n Pi\u00f1era, junto a la Primera Dama, Cecilia Morel, y los ministros de Desarrollo Social, Karla Rubilar; de Hacienda, Ignacio Briones; de la Secretar\u00eda General de la Presidencia, Cristi\u00e1n Monckeberg; de Justicia, Hern\u00e1n Larra\u00edn, y de Trabajo, Mar\u00eda Jos\u00e9 Zald\u00edvar, firmaron el proyecto de ley de Envejecimiento Positivo, que busca complementar los avances ya alcanzados para las personas mayores con el robustecimiento institucional y el cumplimiento de la Convenci\u00f3n Interamericana sobre la protecci\u00f3n de los Derechos Humanos de las Personas Mayores, ratificada por Chile en 2017.<\/p>\n<p style=\"text-align: justify;\">La iniciativa contempla la creaci\u00f3n del Comit\u00e9 Interministerial de Adulto Mayor, que ser\u00e1 el encargado de proponer al Presidente la Pol\u00edtica Nacional para Personas Mayores, velar por su cumplimiento y asegurar su calidad t\u00e9cnica, coherencia y coordinaci\u00f3n intersectorial.<\/p>\n<p style=\"text-align: justify;\">El intendente de \u00d1uble, Mart\u00edn Arrau, sostuvo que \u201ceste proyecto de ley, anunciado hoy por el Presidente Pi\u00f1era, para promover el envejecimiento positivo, no viene m\u00e1s que a sellar el compromiso y robustecer el trabajo que el Gobierno ha hecho con los adultos mayores, brind\u00e1ndoles beneficios para mejorar su calidad de vida, a trav\u00e9s del fortalecimiento de Senama, con mayores cuidados para aquellos que los requieran, y con programas para impulsar la autonom\u00eda e incorporarlos a la fuerza laboral, bajo condiciones especiales; todos esfuerzos que se suman a lo que ya hemos avanzado en la agenda social y con el programa Adulto Mejor, liderado por la Primera Dama\u201d, sostuvo.<\/p>\n<p style=\"text-align: justify;\">En ese sentido, la seremi de Desarrollo Social y Familia, Doris Osses, destac\u00f3 que \u201chemos avanzado como regi\u00f3n de \u00d1uble en poder atender las demandas de nuestros adultos mayores, ya sea en Centros Diurnos Comunitarios como tambi\u00e9n en nuestro Centro Diurno Referencial; tenemos 420 adultos mayores que hoy han podido atenderse en estos centros. Tambi\u00e9n hemos puesto el \u00e9nfasis en programas y proyectos para los adultos mayores, contando actualmente con la figura de un Defensor Mayor para la regi\u00f3n y con equipos especializados que han reforzado el trabajo de profesionales de las 21 comunas de \u00d1uble\u201c.<\/p>\n<p style=\"text-align: justify;\">En concreto, el nuevo proyecto busca tambi\u00e9n fortalecer el Servicio Nacional del Adulto Mayor, SENAMA, a trav\u00e9s de la creaci\u00f3n de Direcciones Regionales (actuales Coordinaciones Regionales) y cargos de Directores a fin de fortalecer la labor del organismo y otorgar mayores herramientas para velar por la protecci\u00f3n de los derechos de las personas mayores.<\/p>\n<p style=\"text-align: justify;\">As\u00ed lo especific\u00f3 la Directora Regional de SENAMA, Denisse Aburto, quien resalt\u00f3 que \u201cel proyecto de ley tiene como principal objetivo la promoci\u00f3n del envejecimiento positivo y del cuidado integral de los adultos mayores, considerando la diversidad del envejecimiento con un enfoque territorial a lo largo del pa\u00eds, fortaleciendo especialmente la institucionalidad del Servicio Nacional del Adulto Mayor\u201d.<\/p>\n<p style=\"text-align: justify;\">\u201cEn este sentido, se busca asegurar de mejor manera una pol\u00edtica de envejecimiento positivo para la poblaci\u00f3n, actualizando nuestra legislaci\u00f3n a los est\u00e1ndares internacionales. Los principios que inspiran el Proyecto de Ley son: la protecci\u00f3n del adulto mayor, la dignidad, independencia, protagonismo y autonom\u00eda del adulto mayor; la igualdad y no discriminaci\u00f3n; la participaci\u00f3n, integraci\u00f3n e inclusi\u00f3n plena y efectiva del adulto mayor en la sociedad y la igualdad de g\u00e9nero en la vejez\u201d agreg\u00f3 Aburto.<\/p>\n<p style=\"text-align: justify;\">El proyecto tambi\u00e9n garantiza derechos de participaci\u00f3n social, para lo que se crear\u00e1 un sistema de ciudades amigables con los adultos mayores y consejos asesores regionales, e incorporar\u00e1 derechos laborales, con un contrato especial de trabajo que contempla jornadas m\u00e1s flexibles y facilitar la inclusi\u00f3n al mercado laboral.<\/p>\n","protected":false},"excerpt":{"rendered":"<p>\u00d1uble, Octubre 2020: Ayer en el marco del D\u00eda Internacional de las Personas Mayores, el Presidente Sebasti\u00e1n Pi\u00f1era, junto a la Primera Dama, Cecilia Morel, y los ministros de Desarrollo Social, Karla Rubilar; de&#46;&#46;&#46;<\/p>\n","protected":false},"author":2,"featured_media":23219,"comment_status":"closed","ping_status":"open","sticky":false,"template":"","format":"standard","meta":{"footnotes":""},"categories":[3,1],"tags":[1115,2366,619,8,6,117],"class_list":["post-23218","post","type-post","status-publish","format-standard","has-post-thumbnail","hentry","category-actualidad","category-noticias","tag-noticias","tag-personas-mayores","tag-senama","tag-yungay","tag-yungayino","tag-yungayinocl"],"_links":{"self":[{"href":"https:\/\/www.yungayino.cl\/noticias\/index.php?rest_route=\/wp\/v2\/posts\/23218","targetHints":{"allow":["GET"]}}],"collection":[{"href":"https:\/\/www.yungayino.cl\/noticias\/index.php?rest_route=\/wp\/v2\/posts"}],"about":[{"href":"https:\/\/www.yungayino.cl\/noticias\/index.php?rest_route=\/wp\/v2\/types\/post"}],"author":[{"embeddable":true,"href":"https:\/\/www.yungayino.cl\/noticias\/index.php?rest_route=\/wp\/v2\/users\/2"}],"replies":[{"embeddable":true,"href":"https:\/\/www.yungayino.cl\/noticias\/index.php?rest_route=%2Fwp%2Fv2%2Fcomments&post=23218"}],"version-history":[{"count":1,"href":"https:\/\/www.yungayino.cl\/noticias\/index.php?rest_route=\/wp\/v2\/posts\/23218\/revisions"}],"predecessor-version":[{"id":23220,"href":"https:\/\/www.yungayino.cl\/noticias\/index.php?rest_route=\/wp\/v2\/posts\/23218\/revisions\/23220"}],"wp:featuredmedia":[{"embeddable":true,"href":"https:\/\/www.yungayino.cl\/noticias\/index.php?rest_route=\/wp\/v2\/media\/23219"}],"wp:attachment":[{"href":"https:\/\/www.yungayino.cl\/noticias\/index.php?rest_route=%2Fwp%2Fv2%2Fmedia&parent=23218"}],"wp:term":[{"taxonomy":"category","embeddable":true,"href":"https:\/\/www.yungayino.cl\/noticias\/index.php?rest_route=%2Fwp%2Fv2%2Fcategories&post=23218"},{"taxonomy":"post_tag","embeddable":true,"href":"https:\/\/www.yungayino.cl\/noticias\/index.php?rest_route=%2Fwp%2Fv2%2Ftags&post=23218"}],"curies":[{"name":"wp","href":"https:\/\/api.w.org\/{rel}","templated":true}]}}