{"id":23278,"date":"2020-10-16T08:00:23","date_gmt":"2020-10-16T11:00:23","guid":{"rendered":"http:\/\/www.yungayino.cl\/noticias\/?p=23278"},"modified":"2020-10-14T15:06:35","modified_gmt":"2020-10-14T18:06:35","slug":"servicio-de-salud-nuble-presento-sitio-web-del-nuevo-hospital-regional-nuble","status":"publish","type":"post","link":"https:\/\/www.yungayino.cl\/noticias\/?p=23278","title":{"rendered":"Servicio de Salud \u00d1uble Present\u00f3 Sitio Web del Nuevo Hospital Regional \u00d1uble"},"content":{"rendered":"<p><img loading=\"lazy\" decoding=\"async\" class=\"alignnone size-full wp-image-23279\" src=\"http:\/\/www.yungayino.cl\/noticias\/wp-content\/uploads\/2020\/10\/hospital-nuble.jpg\" alt=\"\" width=\"700\" height=\"279\" srcset=\"https:\/\/www.yungayino.cl\/noticias\/wp-content\/uploads\/2020\/10\/hospital-nuble.jpg 700w, https:\/\/www.yungayino.cl\/noticias\/wp-content\/uploads\/2020\/10\/hospital-nuble-300x120.jpg 300w, https:\/\/www.yungayino.cl\/noticias\/wp-content\/uploads\/2020\/10\/hospital-nuble-376x150.jpg 376w\" sizes=\"auto, (max-width: 700px) 100vw, 700px\" \/><\/p>\n<p style=\"text-align: justify;\">\u00d1uble, octubre 2020: Profesionales del Servicio de Salud \u00d1uble hicieron un especial llamado a seguir adoptando las medidas de prevenci\u00f3n y evitar aglomeraciones, como las que se registraron en el centro de Chill\u00e1n, durante el inicio de la etapa de transici\u00f3n en la intercomuna.<\/p>\n<p style=\"text-align: justify;\">En una nueva sesi\u00f3n del Consejo Integrado de la Red Asistencial (CIRA), que mensualmente re\u00fane a dirigentes sociales de los establecimientos sanitarios, el director del Servicio de Salud \u00d1uble (SS\u00d1), Ricardo S\u00e1nchez, dio a conocer el sitio web del nuevo Hospital Regional, <a href=\"http:\/\/nuevohospitaldenuble.cl\/portal\/\"><strong>www.nuevohospitaldenuble.cl<\/strong><\/a>.<\/p>\n<p style=\"text-align: justify;\">La plataforma tiene por objetivo entregar informaci\u00f3n a la comunidad respecto de los antecedentes hist\u00f3ricos y el progreso de la obra, la cual, contin\u00faa avanzando a paso firme, en el terreno ubicado en Avenida O\u2019Higgins con Rosauro Acu\u00f1a.<\/p>\n<p style=\"text-align: justify;\">\u201cQueremos mantener al d\u00eda a las personas sobre los detalles del proyecto; mostrar en qu\u00e9 etapa se encuentra; los hitos que van sucediendo y dejar registro del gran trabajo que se realiza y que permitir\u00e1 renovar el principal centro asistencial de nuestra Regi\u00f3n, cambiando la cara del sistema p\u00fablico de salud de \u00d1uble\u201d, afirm\u00f3 el director del SS\u00d1.<\/p>\n<p style=\"text-align: justify;\">El profesional indic\u00f3 que \u201cel lanzamiento de esta p\u00e1gina se enmarca en la conmemoraci\u00f3n del D\u00eda del Hospital P\u00fablico, ya que recordemos que el lugar en el que se construye el establecimiento, alberg\u00f3 al primer hospital de \u00d1uble; el San Juan de Dios, cuyas primeras obras datan de 1791, lo que da cuenta de c\u00f3mo un territorio con tanta historia, continuar\u00e1 cuidando la salud de los habitantes de nuestra Regi\u00f3n\u201d.<\/p>\n<p style=\"text-align: justify;\">\u201cLa implementaci\u00f3n de esta nueva plataforma, fue liderada por el departamento de Comunicaciones de nuestra Instituci\u00f3n. Se trata de un trabajo de larga data y que permite contar con un sitio web que tiene como una de sus principales cualidades el ser amigable, de f\u00e1cil acceso, accesible y responsivo, es decir, permite ingresar a la misma informaci\u00f3n de cualquier dispositivo\u201d, a\u00f1adi\u00f3 Ricardo S\u00e1nchez.<\/p>\n<p style=\"text-align: justify;\"><strong>Registrar el avance de la obra<\/strong><\/p>\n<p style=\"text-align: justify;\">Adem\u00e1s de conocer el estado actual de los trabajos y las principales caracter\u00edsticas que tendr\u00e1 el futuro recinto asistencial, el sitio web alberga un registro audiovisual que da cuenta del progreso de las faenas.<\/p>\n<p style=\"text-align: justify;\">Al respecto, el subdirector de Gesti\u00f3n Asistencial, doctor Max Besser, explic\u00f3 que \u201cesto nos permitir\u00e1 continuar dando cuenta de c\u00f3mo el anhelo de los habitantes de \u00d1uble avanza a paso firme y est\u00e1 cada vez m\u00e1s cerca de concretarse. Si bien, a\u00fan estamos en etapas muy tempranas de la construcci\u00f3n, estamos contentos del trabajo que se est\u00e1 efectuando y por ello, queremos compartirlo con la comunidad a la que beneficiar\u00e1 directamente este recinto\u201d.<\/p>\n<p style=\"text-align: justify;\">El m\u00e9dico record\u00f3 que \u201cel hospital tendr\u00e1 128 mil metros cuadrados de moderna infraestructura para dar respuesta a las necesidades de salud de la Regi\u00f3n; con un total de 530 camas; 14 pabellones y un renovado centro de atenci\u00f3n de ambulatoria de especialidades m\u00e9dicas y odontol\u00f3gicas\u201d.<\/p>\n<p style=\"text-align: justify;\">\u201cAdem\u00e1s de crecer en dotaci\u00f3n, en el nuevo hospital se incrementar\u00e1 la complejidad de las camas, un aspecto que ha cobrado vital relevancia en los \u00faltimos meses y que potencia una de las \u00e1reas m\u00e1s sensibles de la medicina, como es contar con mayor capacidad resolutiva y de atenci\u00f3n a pacientes graves, respondiendo al nuevo perfil de problemas de salud de la Regi\u00f3n y al desaf\u00edo que continuar\u00e1 planteando a la salud de las personas la existencia del Covid-19\u201d.<\/p>\n<p style=\"text-align: justify;\">La invitaci\u00f3n es a ingresar al sitio web <a href=\"http:\/\/nuevohospitaldenuble.cl\/portal\/\"><strong>www.nuevohospitaldenuble.cl<\/strong><\/a> y tambi\u00e9n a las redes sociales de la instituci\u00f3n en Facebook; Instagram y Twitter @SaludNuble, donde constantemente se da a conocer informaci\u00f3n del avance de esta megaobra.<\/p>\n","protected":false},"excerpt":{"rendered":"<p>\u00d1uble, octubre 2020: Profesionales del Servicio de Salud \u00d1uble hicieron un especial llamado a seguir adoptando las medidas de prevenci\u00f3n y evitar aglomeraciones, como las que se registraron en el centro de Chill\u00e1n, durante&#46;&#46;&#46;<\/p>\n","protected":false},"author":2,"featured_media":23279,"comment_status":"closed","ping_status":"open","sticky":false,"template":"","format":"standard","meta":{"footnotes":""},"categories":[1,1675],"tags":[84,1115,1678,65,2219,8,6],"class_list":["post-23278","post","type-post","status-publish","format-standard","has-post-thumbnail","hentry","category-noticias","category-saludc","tag-hospital","tag-noticias","tag-nuble","tag-salud","tag-yugayino-cl","tag-yungay","tag-yungayino"],"_links":{"self":[{"href":"https:\/\/www.yungayino.cl\/noticias\/index.php?rest_route=\/wp\/v2\/posts\/23278","targetHints":{"allow":["GET"]}}],"collection":[{"href":"https:\/\/www.yungayino.cl\/noticias\/index.php?rest_route=\/wp\/v2\/posts"}],"about":[{"href":"https:\/\/www.yungayino.cl\/noticias\/index.php?rest_route=\/wp\/v2\/types\/post"}],"author":[{"embeddable":true,"href":"https:\/\/www.yungayino.cl\/noticias\/index.php?rest_route=\/wp\/v2\/users\/2"}],"replies":[{"embeddable":true,"href":"https:\/\/www.yungayino.cl\/noticias\/index.php?rest_route=%2Fwp%2Fv2%2Fcomments&post=23278"}],"version-history":[{"count":2,"href":"https:\/\/www.yungayino.cl\/noticias\/index.php?rest_route=\/wp\/v2\/posts\/23278\/revisions"}],"predecessor-version":[{"id":23281,"href":"https:\/\/www.yungayino.cl\/noticias\/index.php?rest_route=\/wp\/v2\/posts\/23278\/revisions\/23281"}],"wp:featuredmedia":[{"embeddable":true,"href":"https:\/\/www.yungayino.cl\/noticias\/index.php?rest_route=\/wp\/v2\/media\/23279"}],"wp:attachment":[{"href":"https:\/\/www.yungayino.cl\/noticias\/index.php?rest_route=%2Fwp%2Fv2%2Fmedia&parent=23278"}],"wp:term":[{"taxonomy":"category","embeddable":true,"href":"https:\/\/www.yungayino.cl\/noticias\/index.php?rest_route=%2Fwp%2Fv2%2Fcategories&post=23278"},{"taxonomy":"post_tag","embeddable":true,"href":"https:\/\/www.yungayino.cl\/noticias\/index.php?rest_route=%2Fwp%2Fv2%2Ftags&post=23278"}],"curies":[{"name":"wp","href":"https:\/\/api.w.org\/{rel}","templated":true}]}}