{"id":23312,"date":"2020-10-24T08:00:02","date_gmt":"2020-10-24T11:00:02","guid":{"rendered":"http:\/\/www.yungayino.cl\/noticias\/?p=23312"},"modified":"2020-10-22T19:26:29","modified_gmt":"2020-10-22T22:26:29","slug":"jardin-infantil-parque-estadio-de-yungay-promueve-el-cuidado-del-medio-ambiente-y-la-educacion-sustentable","status":"publish","type":"post","link":"https:\/\/www.yungayino.cl\/noticias\/?p=23312","title":{"rendered":"Jard\u00edn Infantil Parque Estadio de Yungay Promueve el Cuidado del Medio Ambiente y la Educaci\u00f3n Sustentable"},"content":{"rendered":"<p><img loading=\"lazy\" decoding=\"async\" class=\"alignnone size-full wp-image-23313\" src=\"http:\/\/www.yungayino.cl\/noticias\/wp-content\/uploads\/2020\/10\/parque-estadio.jpg\" alt=\"\" width=\"700\" height=\"350\" srcset=\"https:\/\/www.yungayino.cl\/noticias\/wp-content\/uploads\/2020\/10\/parque-estadio.jpg 700w, https:\/\/www.yungayino.cl\/noticias\/wp-content\/uploads\/2020\/10\/parque-estadio-300x150.jpg 300w\" sizes=\"auto, (max-width: 700px) 100vw, 700px\" \/><\/p>\n<p style=\"text-align: justify;\">Yungay, octubre 2020: el Alcalde de Yungay, Rafael Cifuentes Rodr\u00edguez y SEREMI de Medio Ambiente, Patricio Caama\u00f1o Viveros, visitaron el Jard\u00edn Infantil Parque Estadio de Yungay, que, desde el 2015, ha venido realizando un importante trabajo de promoci\u00f3n del cuidado del medio ambiente y educaci\u00f3n sustentable; primero en los ni\u00f1os y ni\u00f1as de sus establecimiento y, en la actualidad, incorporando a toda la comunidad escolar.<\/p>\n<p style=\"text-align: justify;\">Bajo el alero del proyecto \u201cSembrando ra\u00edces\u201d, la unidad educativa ha desplegado un fuerte trabajo de educaci\u00f3n en el cuidado del medio ambiente y la sustentabilidad, liderados por su directora, Pamela S\u00e1nchez Aranda, a trav\u00e9s de la generaci\u00f3n de acciones innovadoras, enfocada en los espacios educativos, creando su propio \u201cComit\u00e9 Medioambiental\u201d.<\/p>\n<p style=\"text-align: justify;\">En el marco de la celebraci\u00f3n del d\u00eda de los \u201cForjadores Ambientales\u201d, de este pr\u00f3ximo 28 de octubre, se le entreg\u00f3 un reconocimiento a quienes cumplen esta noble labor de sensibilizaci\u00f3n y promoci\u00f3n del cuidado de nuestro medioambiente.<\/p>\n<p style=\"text-align: justify;\">\u201cEsta es una muy buena iniciativa, la cual seguiremos apoyando y fomentando. Necesitamos generar mayor sensibilidad sobre el cuidado de nuestro medioambiente y que mejor que partir con los m\u00e1s peque\u00f1itos. Felicidades al Jard\u00edn Infantil Parque Estadio, por esta gran idea que est\u00e1n concretando\u201d manifest\u00f3 el alcalde Cifuentes.<\/p>\n","protected":false},"excerpt":{"rendered":"<p>Yungay, octubre 2020: el Alcalde de Yungay, Rafael Cifuentes Rodr\u00edguez y SEREMI de Medio Ambiente, Patricio Caama\u00f1o Viveros, visitaron el Jard\u00edn Infantil Parque Estadio de Yungay, que, desde el 2015, ha venido realizando un&#46;&#46;&#46;<\/p>\n","protected":false},"author":2,"featured_media":23313,"comment_status":"closed","ping_status":"open","sticky":false,"template":"","format":"standard","meta":{"footnotes":""},"categories":[1],"tags":[362,1115,479,2219,8,6],"class_list":["post-23312","post","type-post","status-publish","format-standard","has-post-thumbnail","hentry","category-noticias","tag-jardin-infantil","tag-noticias","tag-parque-estadio","tag-yugayino-cl","tag-yungay","tag-yungayino"],"_links":{"self":[{"href":"https:\/\/www.yungayino.cl\/noticias\/index.php?rest_route=\/wp\/v2\/posts\/23312","targetHints":{"allow":["GET"]}}],"collection":[{"href":"https:\/\/www.yungayino.cl\/noticias\/index.php?rest_route=\/wp\/v2\/posts"}],"about":[{"href":"https:\/\/www.yungayino.cl\/noticias\/index.php?rest_route=\/wp\/v2\/types\/post"}],"author":[{"embeddable":true,"href":"https:\/\/www.yungayino.cl\/noticias\/index.php?rest_route=\/wp\/v2\/users\/2"}],"replies":[{"embeddable":true,"href":"https:\/\/www.yungayino.cl\/noticias\/index.php?rest_route=%2Fwp%2Fv2%2Fcomments&post=23312"}],"version-history":[{"count":1,"href":"https:\/\/www.yungayino.cl\/noticias\/index.php?rest_route=\/wp\/v2\/posts\/23312\/revisions"}],"predecessor-version":[{"id":23314,"href":"https:\/\/www.yungayino.cl\/noticias\/index.php?rest_route=\/wp\/v2\/posts\/23312\/revisions\/23314"}],"wp:featuredmedia":[{"embeddable":true,"href":"https:\/\/www.yungayino.cl\/noticias\/index.php?rest_route=\/wp\/v2\/media\/23313"}],"wp:attachment":[{"href":"https:\/\/www.yungayino.cl\/noticias\/index.php?rest_route=%2Fwp%2Fv2%2Fmedia&parent=23312"}],"wp:term":[{"taxonomy":"category","embeddable":true,"href":"https:\/\/www.yungayino.cl\/noticias\/index.php?rest_route=%2Fwp%2Fv2%2Fcategories&post=23312"},{"taxonomy":"post_tag","embeddable":true,"href":"https:\/\/www.yungayino.cl\/noticias\/index.php?rest_route=%2Fwp%2Fv2%2Ftags&post=23312"}],"curies":[{"name":"wp","href":"https:\/\/api.w.org\/{rel}","templated":true}]}}