{"id":23344,"date":"2020-10-29T07:00:02","date_gmt":"2020-10-29T10:00:02","guid":{"rendered":"http:\/\/www.yungayino.cl\/noticias\/?p=23344"},"modified":"2020-10-28T20:17:41","modified_gmt":"2020-10-28T23:17:41","slug":"cerca-de-1-800-trabajadores-en-nuble-ya-han-sido-postulados-al-subsidio-al-empleo-de-sence","status":"publish","type":"post","link":"https:\/\/www.yungayino.cl\/noticias\/?p=23344","title":{"rendered":"Cerca de 1.800 Trabajadores en \u00d1uble ya Han Sido Postulados al \u201cSubsidio al Empleo\u201d de SENCE"},"content":{"rendered":"<p><img loading=\"lazy\" decoding=\"async\" class=\"alignnone size-full wp-image-23345\" src=\"http:\/\/www.yungayino.cl\/noticias\/wp-content\/uploads\/2020\/10\/en-ruta.jpg\" alt=\"\" width=\"700\" height=\"371\" srcset=\"https:\/\/www.yungayino.cl\/noticias\/wp-content\/uploads\/2020\/10\/en-ruta.jpg 700w, https:\/\/www.yungayino.cl\/noticias\/wp-content\/uploads\/2020\/10\/en-ruta-300x159.jpg 300w, https:\/\/www.yungayino.cl\/noticias\/wp-content\/uploads\/2020\/10\/en-ruta-283x150.jpg 283w\" sizes=\"auto, (max-width: 700px) 100vw, 700px\" \/><\/p>\n<p style=\"text-align: justify;\">Yungay, octubre 2020: Hasta la Estaci\u00f3n de Servicio \u00abEn Ruta\u00bb de Yungay lleg\u00f3 la ma\u00f1ana de este mi\u00e9rcoles el Gobernador de Diguill\u00edn Enrique Rivas, la Seremi del Trabajo y Previsi\u00f3n Social de \u00d1uble Yeniffer Ferrada y el Director de SENCE \u00d1uble Rodolfo Zaror, para reforzar la difusi\u00f3n del Subsidio Al Empleo ejecutado por el Gobierno del Chile, en el marco del \u201cPlan Paso A Paso, Chile se Recupera\u201d,\u00a0donde la recuperaci\u00f3n del empleo es uno de los focos centrales, y que fue lanzado hace casi un mes por el Presidente Sebasti\u00e1n Pi\u00f1era.<\/p>\n<p style=\"text-align: justify;\">\u201cAc\u00e1 en nuestra comuna de Yungay, en el Servicentro \u201cEn Ruta\u201d, emprendimiento de la familia Cartes, que nos alegra mucho que en medio de esta pandemia sigan avanzando tambi\u00e9n apoyo al Subsidio al Empleo de SENCE, un tremendo trabajo. Invitamos a todos a que pasen a este servicentro, con\u00f3zcanlo, porque nos enorgullece que en esta \u00e9poca m\u00e1s personas se atrevan a generar empleo. Nosotros los seguiremos apoyando, y por supuesto damos las gracias a quienes en nuestra Regi\u00f3n de \u00d1uble lideran en esta materia como lo es nuestra Seremi del Trabajo y Previsi\u00f3n Social, Yennifer Ferrada y por supuesto nuestro Director Regional del SENCE \u00d1uble, Rodolfo Zaror\u201d, expres\u00f3 el Gobernador Enrique Rivas.<\/p>\n<p style=\"text-align: justify;\">Claudia Cartes, una de las propietarias del lugar que lleva 3 a\u00f1os operando en la comuna yungayina, coment\u00f3 su experiencia con este subsidio del Gobierno de Chile, precisando que \u201cha sido algo s\u00faper positivo para nosotros contar con estos beneficios, que en nuestro caso nos permite tomar decisiones de nuestras contrataciones, que por lo general para nosotros los peque\u00f1os emprendimientos, siempre est\u00e1n m\u00e1s restringidos los recursos por esta pandemia que nos ha afectado a todos por igual, por lo que con esto pudimos pegarnos un salto, aumentar nuestra dotaci\u00f3n que ya se concret\u00f3 con uno, esperando poder sumar otros dos. S\u00faper contenta\u201d.<\/p>\n<p style=\"text-align: justify;\">\u201cTambi\u00e9n nosotros motivamos a todas las empresas, no solo de Yungay, sino que de toda la Regi\u00f3n de \u00d1uble, que postulen al Subsidio al Empleo, ya que es importante que podamos generar mano de obra, y que se use este subsidio. Nosotros estamos haciendo una difusi\u00f3n en toda la regi\u00f3n, y estamos visitando a los empresarios que ya han hecho uso de este subsidio. As\u00ed que invitamos a todos a entrar a la p\u00e1gina web\u00a0<strong><a href=\"http:\/\/www.subsidioalempleo.cl\/\">www.subsidioalempleo.cl<\/a><\/strong>\u201d, agreg\u00f3 la Seremi del Trabajo y Previsi\u00f3n Social de \u00d1uble, Yeniffer Ferrada.<\/p>\n<p style=\"text-align: justify;\">Por su parte el Director Regional de SENCE, Rodolfo Zaror, aprovech\u00f3 de hacer un balance de las primeras semanas desde que se comenz\u00f3 a implementar este subsidio en el territorio, mencionando que \u201choy ya tenemos m\u00e1s de 440 empresas de la Regi\u00f3n de \u00d1uble que se han sumado a postular a este subsidio, levantando en este caso la postulaci\u00f3n a cerca de 400 trabajadores que est\u00e1n acogidos a la Ley de Protecci\u00f3n del Empleo, por tanto hoy ya est\u00e1n retornando a sus trabajos. Tambi\u00e9n est\u00e1 el lado de las nuevas contrataciones, que es destacable que gradualmente est\u00e1 creciendo semana a semana la postulaci\u00f3n, hasta ayer (martes), s\u00f3lo por la l\u00ednea de contratas, se suman m\u00e1s de 1.400 trabajadores postulados por las empresas, y que esperamos que en estos d\u00edas ya se empiecen a cursar, y entrar en la siguiente semana en los primeros pagos. As\u00ed que estamos hablando que entre ambas l\u00ednea a nivel regional, ya estamos llegando a los 1.800 trabajadores, lo que nos insta a seguir difundiendo este subsidio, como es el caso de ac\u00e1 del Servicentro En Ruta de Yungay\u201d.<\/p>\n<p style=\"text-align: justify;\">Como abord\u00f3 Zaror, el Subsidio al Empleo, tiene dos l\u00edneas de apoyo: REGRESA, para incentivar la reincorporaci\u00f3n de los trabajadores suspendidos bajo la Ley de Protecci\u00f3n al Empleo; y CONTRATA, pensado para incentivar nuevas contrataciones.<\/p>\n<p style=\"text-align: justify;\"><strong><u>SUBSIDIO A LA CONTRATACI\u00d3N<\/u><\/strong>:\u00a0Es un beneficio por una suma equivalente al 50% de la remuneraci\u00f3n mensual bruta del nuevo trabajador por el cual se postula, con tope de $250.000 mensuales. Para el caso de las trabajadoras mujeres, los j\u00f3venes de 18 a 24 a\u00f1os o las personas con discapacidad, el monto del beneficio ascender\u00e1 a un 60% del sueldo bruto de cada nueva contrataci\u00f3n, con un tope de $270.000 mensual.\u00a0\u00a0Se entrega por hasta 6 meses por cada contrataci\u00f3n adicional que realice una empresa.<\/p>\n<p style=\"text-align: justify;\"><strong><u>SUBSIDIO AL REGRESO<\/u><\/strong>:\u00a0Se trata de un beneficio que se le otorga a la empresa por hasta 6 meses respecto de trabajadores que hubieren estado suspendidos a la fecha de lanzamiento, en virtud de la Ley de Protecci\u00f3n del Empleo, y que sean reincorporados a sus funciones. El monto entregado asciende a $160.000 mensual por trabajador, las empresas deben mantener la afectaci\u00f3n econ\u00f3mica que les permiti\u00f3 acceder al beneficio, lo que SENCE revisar\u00e1 a cada 3 meses desde su primera postulaci\u00f3n al subsidio. Si no la mantiene, se les terminar\u00e1n las restantes bonificaciones.<\/p>\n<p style=\"text-align: justify;\">M\u00e1s detalles y postulaciones en\u00a0<strong><a href=\"http:\/\/www.subsidioalempleo.cl\/\">www.subsidioalempleo.cl<\/a><\/strong>.<\/p>\n","protected":false},"excerpt":{"rendered":"<p>Yungay, octubre 2020: Hasta la Estaci\u00f3n de Servicio \u00abEn Ruta\u00bb de Yungay lleg\u00f3 la ma\u00f1ana de este mi\u00e9rcoles el Gobernador de Diguill\u00edn Enrique Rivas, la Seremi del Trabajo y Previsi\u00f3n Social de \u00d1uble Yeniffer&#46;&#46;&#46;<\/p>\n","protected":false},"author":2,"featured_media":23345,"comment_status":"closed","ping_status":"open","sticky":false,"template":"","format":"standard","meta":{"footnotes":""},"categories":[1,32],"tags":[1115,1602,2385,8,6,117],"class_list":["post-23344","post","type-post","status-publish","format-standard","has-post-thumbnail","hentry","category-noticias","category-servicios","tag-noticias","tag-sence","tag-subsidio-al-empleo","tag-yungay","tag-yungayino","tag-yungayinocl"],"_links":{"self":[{"href":"https:\/\/www.yungayino.cl\/noticias\/index.php?rest_route=\/wp\/v2\/posts\/23344","targetHints":{"allow":["GET"]}}],"collection":[{"href":"https:\/\/www.yungayino.cl\/noticias\/index.php?rest_route=\/wp\/v2\/posts"}],"about":[{"href":"https:\/\/www.yungayino.cl\/noticias\/index.php?rest_route=\/wp\/v2\/types\/post"}],"author":[{"embeddable":true,"href":"https:\/\/www.yungayino.cl\/noticias\/index.php?rest_route=\/wp\/v2\/users\/2"}],"replies":[{"embeddable":true,"href":"https:\/\/www.yungayino.cl\/noticias\/index.php?rest_route=%2Fwp%2Fv2%2Fcomments&post=23344"}],"version-history":[{"count":1,"href":"https:\/\/www.yungayino.cl\/noticias\/index.php?rest_route=\/wp\/v2\/posts\/23344\/revisions"}],"predecessor-version":[{"id":23346,"href":"https:\/\/www.yungayino.cl\/noticias\/index.php?rest_route=\/wp\/v2\/posts\/23344\/revisions\/23346"}],"wp:featuredmedia":[{"embeddable":true,"href":"https:\/\/www.yungayino.cl\/noticias\/index.php?rest_route=\/wp\/v2\/media\/23345"}],"wp:attachment":[{"href":"https:\/\/www.yungayino.cl\/noticias\/index.php?rest_route=%2Fwp%2Fv2%2Fmedia&parent=23344"}],"wp:term":[{"taxonomy":"category","embeddable":true,"href":"https:\/\/www.yungayino.cl\/noticias\/index.php?rest_route=%2Fwp%2Fv2%2Fcategories&post=23344"},{"taxonomy":"post_tag","embeddable":true,"href":"https:\/\/www.yungayino.cl\/noticias\/index.php?rest_route=%2Fwp%2Fv2%2Ftags&post=23344"}],"curies":[{"name":"wp","href":"https:\/\/api.w.org\/{rel}","templated":true}]}}