{"id":23347,"date":"2020-10-30T07:00:54","date_gmt":"2020-10-30T10:00:54","guid":{"rendered":"http:\/\/www.yungayino.cl\/noticias\/?p=23347"},"modified":"2020-10-28T20:20:29","modified_gmt":"2020-10-28T23:20:29","slug":"gobierno-conectara-36-localidades-de-nuble-a-traves-del-concurso-publico-de-5g","status":"publish","type":"post","link":"https:\/\/www.yungayino.cl\/noticias\/?p=23347","title":{"rendered":"Gobierno Conectar\u00e1 36 Localidades de \u00d1uble a Trav\u00e9s del Concurso P\u00fablico de 5G"},"content":{"rendered":"<p><img loading=\"lazy\" decoding=\"async\" class=\"alignnone size-full wp-image-23348\" src=\"http:\/\/www.yungayino.cl\/noticias\/wp-content\/uploads\/2020\/10\/5g.jpg\" alt=\"\" width=\"700\" height=\"350\" srcset=\"https:\/\/www.yungayino.cl\/noticias\/wp-content\/uploads\/2020\/10\/5g.jpg 700w, https:\/\/www.yungayino.cl\/noticias\/wp-content\/uploads\/2020\/10\/5g-300x150.jpg 300w\" sizes=\"auto, (max-width: 700px) 100vw, 700px\" \/><\/p>\n<p style=\"text-align: justify;\">\u00d1uble, octubre 2020: Tras dos a\u00f1os de intenso trabajo en la Mesa de Conectividad de Compromiso Pa\u00eds \u2014iniciativa donde participa la Primera Dama, Cecilia Morel; el presidente de la Fundaci\u00f3n Pa\u00eds Digital, Pelayo Covarrubias; la representante del sector privado, Carolina del R\u00edo; y el acad\u00e9mico de la Universidad de Chile, Jos\u00e9 Miguel Piquer\u2014, el Ministerio de Transportes y Telecomunicaciones (MTT), a trav\u00e9s de la Subsecretar\u00eda de Telecomunicaciones (SUBTEL), anunci\u00f3 que en el concurso p\u00fablico para implementar la red 5G en el pa\u00eds, se incluir\u00e1 la obligaci\u00f3n de conectar a 366 localidades a lo largo de Chile con la tecnolog\u00eda 4G en la banda de 700 MHz.<\/p>\n<p style=\"text-align: justify;\">Esta medida tiene como fin llevar conectividad digital de alta calidad a distintas zonas rurales y\/o extremas. Esto, pues en el mundo de hoy, donde se est\u00e1 viviendo la Revoluci\u00f3n Industrial 4.0, resulta fundamental contar con equidad digital a lo largo del pa\u00eds y eso ha quedado en evidencia m\u00e1s a\u00fan ahora en la pandemia de COVID-19, a ra\u00edz de la cual muchas actividades cotidianas se est\u00e1n haciendo de manera remota para cuidado propio y de los dem\u00e1s. De hecho, dicha acci\u00f3n beneficiar\u00e1 a m\u00e1s de 100 mil habitantes residenciales y a m\u00e1s de 300.000 habitantes que transitan por esas localidades.<\/p>\n<p style=\"text-align: justify;\">\u201cEl concurso p\u00fablico que estamos llevando adelante como Gobierno no solo permitir\u00e1 el ingreso de una nueva tecnolog\u00eda a Chile con todos los beneficios que eso implica, sino que tambi\u00e9n, generar\u00e1 m\u00e1s equidad digital a lo largo del pa\u00eds, permitiendo que tanto los usuarios como empresas de zonas rurales y\/o extremas puedan acceder a conectividad de alta velocidad y calidad, lo que va en directo beneficio de las comunidades en las que residen\u201d, se\u00f1al\u00f3 la Ministra de Transportes y Telecomunicaciones, Gloria Hutt.<\/p>\n<p style=\"text-align: justify;\">Por su parte, la Subsecretaria de Telecomunicaciones, Pamela Gidi, indic\u00f3 que \u201cel trabajo que realizamos en conjunto con la Mesa de Conectividad de Compromiso Pa\u00eds se refleja en estas contraprestaciones, las cuales permitir\u00e1n que los habitantes de localidades rurales y\/o extremas puedan tener acceso a una red de alta velocidad y calidad\u201d.<\/p>\n<p style=\"text-align: justify;\">\u201cEstamos conscientes que la brecha digital existente en el pa\u00eds genera segregaci\u00f3n laboral y educacional de nuestros ciudadanos. La inclusi\u00f3n de 36 localidades de \u00d1uble, que carecen de conectividad m\u00f3vil, en el concurso de la banda de 700 MHz para la red 5G bajo el mecanismo de \u201ccontraprestaciones sociales\u201d, demuestran el compromiso pol\u00edtico y econ\u00f3mico que tiene nuestro Gobierno para reducir la brecha digital existente en Chile\u201d, se\u00f1al\u00f3 la titular de la cartera de Transportes y Telecomunicaciones en \u00d1uble, B\u00e1rbara Kopplin.<\/p>\n<p style=\"text-align: justify;\">Para la regi\u00f3n de \u00d1uble, este concurso p\u00fablico de 5G dispondr\u00e1 de conectividad a 36 localidades que, en este momento, tiene poca o nula capacidad de internet. La banda 700 Mhz, otorgar\u00e1 de datos y voz a dichas zonas de la regi\u00f3n.<\/p>\n<p style=\"text-align: justify;\">Las contraprestaciones se comenzar\u00e1n a implementar una vez que est\u00e9 adjudicada la banda de 700Mhz y eso se define una vez que la operadora entregue el proyecto t\u00e9cnico, donde, se se\u00f1alar\u00e1n los tiempos de implementaci\u00f3n, que se proyecta en 18 meses.<\/p>\n<p style=\"text-align: justify;\">Estas 36 localidades que se ver\u00e1n beneficiadas por las contraprestaciones del concurso 5G, pertenecen a las 21 comunas de \u00d1uble, y que se espera que disminuya la brecha digital que existe en el pa\u00eds, sobre todo aqu\u00ed en la regi\u00f3n debido a su composici\u00f3n geogr\u00e1fica y su alta ruralidad.<\/p>\n<p style=\"text-align: justify;\">El listado de los sectores beneficiarios se puede revisar en la p\u00e1gina web <a href=\"https:\/\/www.subtel.gob.cl\/concursobanda700\/\"><strong>https:\/\/www.subtel.gob.cl\/concursobanda700<\/strong><\/a>\/ y luego presione donde dice \u201cAnexo 12\u201d.<\/p>\n","protected":false},"excerpt":{"rendered":"<p>\u00d1uble, octubre 2020: Tras dos a\u00f1os de intenso trabajo en la Mesa de Conectividad de Compromiso Pa\u00eds \u2014iniciativa donde participa la Primera Dama, Cecilia Morel; el presidente de la Fundaci\u00f3n Pa\u00eds Digital, Pelayo Covarrubias;&#46;&#46;&#46;<\/p>\n","protected":false},"author":2,"featured_media":23348,"comment_status":"closed","ping_status":"open","sticky":false,"template":"","format":"standard","meta":{"footnotes":""},"categories":[3,1,32],"tags":[2386,2376,1115,1678,8,6,117],"class_list":["post-23347","post","type-post","status-publish","format-standard","has-post-thumbnail","hentry","category-actualidad","category-noticias","category-servicios","tag-5g","tag-conectividad","tag-noticias","tag-nuble","tag-yungay","tag-yungayino","tag-yungayinocl"],"_links":{"self":[{"href":"https:\/\/www.yungayino.cl\/noticias\/index.php?rest_route=\/wp\/v2\/posts\/23347","targetHints":{"allow":["GET"]}}],"collection":[{"href":"https:\/\/www.yungayino.cl\/noticias\/index.php?rest_route=\/wp\/v2\/posts"}],"about":[{"href":"https:\/\/www.yungayino.cl\/noticias\/index.php?rest_route=\/wp\/v2\/types\/post"}],"author":[{"embeddable":true,"href":"https:\/\/www.yungayino.cl\/noticias\/index.php?rest_route=\/wp\/v2\/users\/2"}],"replies":[{"embeddable":true,"href":"https:\/\/www.yungayino.cl\/noticias\/index.php?rest_route=%2Fwp%2Fv2%2Fcomments&post=23347"}],"version-history":[{"count":3,"href":"https:\/\/www.yungayino.cl\/noticias\/index.php?rest_route=\/wp\/v2\/posts\/23347\/revisions"}],"predecessor-version":[{"id":23351,"href":"https:\/\/www.yungayino.cl\/noticias\/index.php?rest_route=\/wp\/v2\/posts\/23347\/revisions\/23351"}],"wp:featuredmedia":[{"embeddable":true,"href":"https:\/\/www.yungayino.cl\/noticias\/index.php?rest_route=\/wp\/v2\/media\/23348"}],"wp:attachment":[{"href":"https:\/\/www.yungayino.cl\/noticias\/index.php?rest_route=%2Fwp%2Fv2%2Fmedia&parent=23347"}],"wp:term":[{"taxonomy":"category","embeddable":true,"href":"https:\/\/www.yungayino.cl\/noticias\/index.php?rest_route=%2Fwp%2Fv2%2Fcategories&post=23347"},{"taxonomy":"post_tag","embeddable":true,"href":"https:\/\/www.yungayino.cl\/noticias\/index.php?rest_route=%2Fwp%2Fv2%2Ftags&post=23347"}],"curies":[{"name":"wp","href":"https:\/\/api.w.org\/{rel}","templated":true}]}}