{"id":23374,"date":"2020-11-06T07:00:42","date_gmt":"2020-11-06T10:00:42","guid":{"rendered":"http:\/\/www.yungayino.cl\/noticias\/?p=23374"},"modified":"2020-11-02T23:25:07","modified_gmt":"2020-11-03T02:25:07","slug":"nuble-autoridad-laboral-da-la-region-reitera-llamado-a-empresas-para-que-postulen-al-subsidio-al-empleo-en-su-segundo-mes-de-ruedo","status":"publish","type":"post","link":"https:\/\/www.yungayino.cl\/noticias\/?p=23374","title":{"rendered":"\u00d1uble: Autoridad Laboral da la Regi\u00f3n Reitera Llamado a Empresas Para que Postulen al Subsidio al Empleo en su Segundo Mes de Ruedo"},"content":{"rendered":"<p><img loading=\"lazy\" decoding=\"async\" class=\"alignnone size-full wp-image-23375\" src=\"http:\/\/www.yungayino.cl\/noticias\/wp-content\/uploads\/2020\/11\/S.E-2.jpg\" alt=\"\" width=\"700\" height=\"411\" srcset=\"https:\/\/www.yungayino.cl\/noticias\/wp-content\/uploads\/2020\/11\/S.E-2.jpg 700w, https:\/\/www.yungayino.cl\/noticias\/wp-content\/uploads\/2020\/11\/S.E-2-300x176.jpg 300w, https:\/\/www.yungayino.cl\/noticias\/wp-content\/uploads\/2020\/11\/S.E-2-255x150.jpg 255w\" sizes=\"auto, (max-width: 700px) 100vw, 700px\" \/><\/p>\n<p style=\"text-align: justify;\">\u00d1uble, noviembre 2020: En la Provincia de Punilla, donde visit\u00f3 a empresas y emprendedores locales, la seremi del Trabajo y Previsi\u00f3n Social, Yeniffer Ferrada, reiter\u00f3 el llamado a que los empleadores postulen al Subsidio al Empleo, en las l\u00edneas Regresa y Contrata, en su segundo mes de ruedo. La iniciativa est\u00e1 abierta en <strong><a href=\"http:\/\/www.subsidioalempleo.cl\">www.subsidioalempleo.cl<\/a><\/strong>.<\/p>\n<p style=\"text-align: justify;\">En los primeros 30 d\u00edas, seg\u00fan estad\u00edsticas del Servicio Nacional de Capacitaci\u00f3n y Empleo (Sence), cerca de 2.250 inscripciones han sido ingresadas por un total de 756 empresas de la zona. Cabe se\u00f1alar que la posibilidad de obtener la ayuda estatal estar\u00e1 disponible hasta el 31 de marzo de 2021.<\/p>\n<p style=\"text-align: justify;\">\u201cLas cifras muestran que en las \u00faltimas semanas se han elevado exponencialmente las inscripciones para hacer uso de los subsidios, lo que esperamos siga creciendo porque como lo hemos reiterado en muchas ocasiones, se trata de la principal pol\u00edtica p\u00fablica para recuperar la capacidad de generar empleos. En la medida que las empresas necesiten el beneficio, y, por supuesto, cumplan con los requisitos de entrada, \u00e9ste estar\u00e1\u201d, se\u00f1al\u00f3 la seremi Ferrada.<\/p>\n<p style=\"text-align: justify;\">Asimismo, la autoridad laboral en la regi\u00f3n indic\u00f3 que en el mapa nacional \u201cla mayor parte de las solicitudes son para hombres, pr\u00e1cticamente el doble. Esperamos que los subsidios para las mujeres se cifren en grandes cantidades, ya que es un grupo que ha sido especialmente afectado por la pandemia, y hemos retrocedido mucho en ese aspecto\u201d.<\/p>\n<p style=\"text-align: justify;\">Junto con agradecer el despliegue de la cartera del Trabajo en la provincia, el gobernador de Punilla, Crist\u00f3bal Mart\u00ednez, expres\u00f3 la importancia \u201cque, tal como lo hizo Frutemu, una empresa agroindustrial de la Provincia de Punilla, m\u00e1s empresas puedan acceder al beneficio del subsidio al empleo. Sobre todo, en estos tiempos, se hace necesaria m\u00e1s contrataci\u00f3n de mano de obra y es una ayuda importante para nuestros vecinos\u00bb.<\/p>\n<p style=\"text-align: justify;\">Finalmente, el director regional del Sence, Rodolfo Zaror, destac\u00f3 que \u201cestamos trabajando en conjunto con nuestra y otras carteras para llegar a la mayor cantidad de empresas de la regi\u00f3n. El objetivo que tenemos como servicio es ayudar y agilizar las postulaciones para que miles de trabajadores recuperen y encuentren empleos\u201d.<\/p>\n<p style=\"text-align: justify;\">El \u00faltimo reporte del Subsidio al Empleo muestra que la renta promedio de los trabajadores de la l\u00ednea Regresa (aquellos acogidos a la Ley de Protecci\u00f3n del Empleo que retoman labores) es de $533.404, mientras que en l\u00ednea Contrata (nuevas fuentes laborales) de $449.609.<\/p>\n","protected":false},"excerpt":{"rendered":"<p>\u00d1uble, noviembre 2020: En la Provincia de Punilla, donde visit\u00f3 a empresas y emprendedores locales, la seremi del Trabajo y Previsi\u00f3n Social, Yeniffer Ferrada, reiter\u00f3 el llamado a que los empleadores postulen al Subsidio&#46;&#46;&#46;<\/p>\n","protected":false},"author":2,"featured_media":23375,"comment_status":"closed","ping_status":"open","sticky":false,"template":"","format":"standard","meta":{"footnotes":""},"categories":[3,1,32],"tags":[1115,2385,8,6,117],"class_list":["post-23374","post","type-post","status-publish","format-standard","has-post-thumbnail","hentry","category-actualidad","category-noticias","category-servicios","tag-noticias","tag-subsidio-al-empleo","tag-yungay","tag-yungayino","tag-yungayinocl"],"_links":{"self":[{"href":"https:\/\/www.yungayino.cl\/noticias\/index.php?rest_route=\/wp\/v2\/posts\/23374","targetHints":{"allow":["GET"]}}],"collection":[{"href":"https:\/\/www.yungayino.cl\/noticias\/index.php?rest_route=\/wp\/v2\/posts"}],"about":[{"href":"https:\/\/www.yungayino.cl\/noticias\/index.php?rest_route=\/wp\/v2\/types\/post"}],"author":[{"embeddable":true,"href":"https:\/\/www.yungayino.cl\/noticias\/index.php?rest_route=\/wp\/v2\/users\/2"}],"replies":[{"embeddable":true,"href":"https:\/\/www.yungayino.cl\/noticias\/index.php?rest_route=%2Fwp%2Fv2%2Fcomments&post=23374"}],"version-history":[{"count":1,"href":"https:\/\/www.yungayino.cl\/noticias\/index.php?rest_route=\/wp\/v2\/posts\/23374\/revisions"}],"predecessor-version":[{"id":23376,"href":"https:\/\/www.yungayino.cl\/noticias\/index.php?rest_route=\/wp\/v2\/posts\/23374\/revisions\/23376"}],"wp:featuredmedia":[{"embeddable":true,"href":"https:\/\/www.yungayino.cl\/noticias\/index.php?rest_route=\/wp\/v2\/media\/23375"}],"wp:attachment":[{"href":"https:\/\/www.yungayino.cl\/noticias\/index.php?rest_route=%2Fwp%2Fv2%2Fmedia&parent=23374"}],"wp:term":[{"taxonomy":"category","embeddable":true,"href":"https:\/\/www.yungayino.cl\/noticias\/index.php?rest_route=%2Fwp%2Fv2%2Fcategories&post=23374"},{"taxonomy":"post_tag","embeddable":true,"href":"https:\/\/www.yungayino.cl\/noticias\/index.php?rest_route=%2Fwp%2Fv2%2Ftags&post=23374"}],"curies":[{"name":"wp","href":"https:\/\/api.w.org\/{rel}","templated":true}]}}