{"id":23386,"date":"2020-11-05T13:00:34","date_gmt":"2020-11-05T16:00:34","guid":{"rendered":"http:\/\/www.yungayino.cl\/noticias\/?p=23386"},"modified":"2020-11-05T14:40:03","modified_gmt":"2020-11-05T17:40:03","slug":"parque-nacional-laguna-del-laja-reabrio-y-solo-con-registro-en-linea","status":"publish","type":"post","link":"https:\/\/www.yungayino.cl\/noticias\/?p=23386","title":{"rendered":"Parque Nacional Laguna del Laja Reabri\u00f3 y S\u00f3lo con Registro en L\u00ednea"},"content":{"rendered":"<p><img loading=\"lazy\" decoding=\"async\" class=\"alignnone size-full wp-image-23387\" src=\"http:\/\/www.yungayino.cl\/noticias\/wp-content\/uploads\/2020\/11\/1-1.jpg\" alt=\"\" width=\"700\" height=\"350\" srcset=\"https:\/\/www.yungayino.cl\/noticias\/wp-content\/uploads\/2020\/11\/1-1.jpg 700w, https:\/\/www.yungayino.cl\/noticias\/wp-content\/uploads\/2020\/11\/1-1-300x150.jpg 300w\" sizes=\"auto, (max-width: 700px) 100vw, 700px\" \/><\/p>\n<p style=\"text-align: justify;\">Biob\u00edo, noviembre 2020: Autoridades encabezadas por el Gobernador de Biob\u00edo, dieron la bienvenida a los primeros visitantes, luego de casi ocho meses de cierre producto de la pandemia.<\/p>\n<p style=\"text-align: justify;\">Con un registro de visita de 123 personas reabri\u00f3 sus puertas este jueves el Parque Nacional Laguna del Laja, con todos los protocolos dispuestos por la autoridad sanitaria para enfrentar la pandemia por Covid-19.<\/p>\n<p style=\"text-align: justify;\">Quienes llegaron hasta la unidad, administrada por la Corporaci\u00f3n Nacional Forestal (CONAF), previamente se registraron en un enlace especial disponible en la p\u00e1gina WEB de la instituci\u00f3n. De esta manera, se inici\u00f3 el proceso gradual de apertura de las \u00e1reas silvestres protegidas de la Regi\u00f3n del Biob\u00edo.<\/p>\n<p style=\"text-align: justify;\">Lo anterior se enmarca dentro del calendario nacional de reaperturas de parques y reservas nacionales que ha realizado la Corporaci\u00f3n en conjunto con sus direcciones regionales y las autoridades de Salud.<\/p>\n<p style=\"text-align: justify;\">Los primeros visitantes fueron recibidos esta ma\u00f1ana por el Gobernador de Biob\u00edo, Ignacio Fica, junto a los seremis de Agricultura, Francisco Lagos, y Bienes Nacionales, Sebasti\u00e1n Abudoj, y el director regional (s) de Conaf, Jorge Quappe.<\/p>\n<p style=\"text-align: justify;\">El gobernador Ignacio Fica coment\u00f3 en tanto que \u00abeste Parque Nacional es un emblema de nuestra Regi\u00f3n y parte importante del sistema h\u00eddrico natural de la provincia de Biob\u00edo, es por eso que el primer llamado es a cuidar este caudal de agua y sus r\u00edos. Eso es lo que esperamos de todos los visitantes, y el llamado al autocuidado lo seguimos haciendo permanente, tanto en las actividades que se realicen en este parque, como con respecto a la pandemia, que sigue golpeando a nuestras comunas\u00bb.<\/p>\n<p style=\"text-align: justify;\"><strong>AFORO M\u00c1XIMO Y HORARIO<\/strong><\/p>\n<p style=\"text-align: justify;\">Por su parte, el seremi de Agricultura, Francisco Lagos, precis\u00f3 que se determin\u00f3 que la apertura de la unidad ser\u00e1 \u201csolo de jueves a domingo y con un aforo m\u00e1ximo de 150 visitantes por jornada. Estamos hablando de una primera instancia, ya que se ir\u00e1 evaluando a diario si se ampl\u00edan los d\u00edas permitidos para la visita o si es posible aumentar los aforos m\u00e1ximos. Lo importante es que, con esta apertura, estamos dando una alternativa de bienestar a las personas, ya que est\u00e1 comprobado que el contacto con la naturaleza tiene amplios beneficios, tanto para la salud f\u00edsica como para la salud mental\u201d.<\/p>\n<p style=\"text-align: justify;\">De acuerdo a lo informado por el director regional (s) de Conaf, Jorge Quappe, el horario de ingreso al parque nacional ser\u00e1 a partir de las 9:00 horas, y la salida a contar de las 15:00 horas. \u201cDurante ese per\u00edodo, los visitantes podr\u00e1n optar a tres senderos para recorrer, como el \u00e1rea de embarcadero la laguna del Laja, sendero Las Chilcas y el mirador Chacay. El resto de los senderos se mantendr\u00e1n cerrados moment\u00e1neamente, por lo que hacemos un llamado a los visitantes a respetar esta restricci\u00f3n, tanto por su seguridad y como por la de nuestros guardaparques\u201d, explic\u00f3.<\/p>\n<p style=\"text-align: justify;\">Agreg\u00f3 que respecto al protocolo Covid-19, entre otras materias, contempla el \u201ccontrol de temperatura de los visitantes y participar de una charla de inducci\u00f3n dictada por nuestros guardaparques antes de que ingresen a la unidad\u201d.<\/p>\n<p style=\"text-align: justify;\">Asimismo, el seremi Sebasti\u00e1n Abudoj indic\u00f3 que \u201clos parques y reservas nacionales son bienes p\u00fablicos que pertenecen a todos los chilenos, pero que est\u00e1n reservados para la conservaci\u00f3n del medio ambiente y para el disfrute de las familias. Chile necesita ponerse de pie, las personas necesitan que reactivemos nuestra econom\u00eda y podemos hacerlo, de manera segura frente al Covid 19, a trav\u00e9s del autocuidado y cumpliendo con los protocolos que se han establecido para cada una de las actividades sociales. Por eso hoy estamos iniciando la reapertura de este parque nacional, para cuidarnos entre todos y cumpliendo con los protocolos\u201d.<\/p>\n<p style=\"text-align: justify;\"><strong>REGISTRO<\/strong><\/p>\n<p style=\"text-align: justify;\">El ticket que se obtenga luego del registro en el sitio web de Conaf es s\u00f3lo para reservar el cupo en el d\u00eda se\u00f1alado. El pago por ingreso se deber\u00e1 realizar en el p\u00f3rtico de acceso de la unidad. Es muy importante que las personas descarguen su ticket en el tel\u00e9fono o bien lo lleven impreso.<\/p>\n<p style=\"text-align: justify;\">En el mismo enlace, las personas encontrar\u00e1n las normativas del parque y de Covid-19.<\/p>\n<p style=\"text-align: justify;\">Las reservas para este s\u00e1bado 7 y domingo 8 de noviembre ya est\u00e1n agotadas, por lo que quienes deseen visitar el parque nacional la pr\u00f3xima semana deber\u00e1n estar atentos al enlace que Conaf tiene disponible en su p\u00e1gina web de modo de registrarse con tiempo.<\/p>\n<p style=\"text-align: justify;\">El parque estuvo cerrado desde el 18 de marzo, medida que se adopt\u00f3 a nivel nacional por el Ministerio de Agricultura y la Corporaci\u00f3n con el resto de las \u00e1reas silvestres, a fin de frenar o minimizar el impacto del virus entre los guardaparques y los visitantes que llegaran hasta las distintas reservas y parques nacionales.<\/p>\n<p style=\"text-align: justify;\">Les recordamos el enlace: <a href=\"https:\/\/www.conaf.cl\/parques\/parque-nacional-laguna-del-laja\/\"><strong>https:\/\/www.conaf.cl\/parques\/parque-nacional-laguna-del-laja\/<\/strong><\/a><\/p>\n<p style=\"text-align: justify;\"><strong>CONAF<\/strong><\/p>\n<p style=\"text-align: justify;\">Reserva tu entrada al Parque Nacional Laguna del Laja. A partir del d\u00eda jueves 5 de noviembre del 2020, el Parque Nacional Laguna del Laja abre sus puertas nuevamente a los visitantes, tomando todas las medidas de seguridad necesarias para el resguardo de las personas, en el contexto de la pandemia por COVID-19.<\/p>\n<p style=\"text-align: justify;\"><strong><a href=\"http:\/\/www.conaf.cl\">www.conaf.cl<\/a><\/strong><\/p>\n<p>&nbsp;<\/p>\n<p style=\"text-align: justify;\">[su_button url=\u00bbhttps:\/\/m.facebook.com\/pg\/yungayino.cl\/photos\/?tab=album&amp;album_id=3957735560908120&#8243; target=\u00bbblank\u00bb size=\u00bb7&#8243; radius=\u00bbround\u00bb icon=\u00bbicon: facebook-square\u00bb]FOTOGRAF\u00cdAS &#8211;\u00a0Parque Nacional Laguna del Laja Reabri\u00f3 y S\u00f3lo con Registro en L\u00ednea[\/su_button]<\/p>\n","protected":false},"excerpt":{"rendered":"<p>Biob\u00edo, noviembre 2020: Autoridades encabezadas por el Gobernador de Biob\u00edo, dieron la bienvenida a los primeros visitantes, luego de casi ocho meses de cierre producto de la pandemia. Con un registro de visita de&#46;&#46;&#46;<\/p>\n","protected":false},"author":2,"featured_media":23387,"comment_status":"closed","ping_status":"open","sticky":false,"template":"","format":"standard","meta":{"footnotes":""},"categories":[3,1,15],"tags":[1109,2156,1746,1115,1747,8,6,117],"class_list":["post-23386","post","type-post","status-publish","format-standard","has-post-thumbnail","hentry","category-actualidad","category-noticias","category-turismo","tag-antuco","tag-biobio","tag-laguna-del-laja","tag-noticias","tag-parque-nacional","tag-yungay","tag-yungayino","tag-yungayinocl"],"_links":{"self":[{"href":"https:\/\/www.yungayino.cl\/noticias\/index.php?rest_route=\/wp\/v2\/posts\/23386","targetHints":{"allow":["GET"]}}],"collection":[{"href":"https:\/\/www.yungayino.cl\/noticias\/index.php?rest_route=\/wp\/v2\/posts"}],"about":[{"href":"https:\/\/www.yungayino.cl\/noticias\/index.php?rest_route=\/wp\/v2\/types\/post"}],"author":[{"embeddable":true,"href":"https:\/\/www.yungayino.cl\/noticias\/index.php?rest_route=\/wp\/v2\/users\/2"}],"replies":[{"embeddable":true,"href":"https:\/\/www.yungayino.cl\/noticias\/index.php?rest_route=%2Fwp%2Fv2%2Fcomments&post=23386"}],"version-history":[{"count":5,"href":"https:\/\/www.yungayino.cl\/noticias\/index.php?rest_route=\/wp\/v2\/posts\/23386\/revisions"}],"predecessor-version":[{"id":23392,"href":"https:\/\/www.yungayino.cl\/noticias\/index.php?rest_route=\/wp\/v2\/posts\/23386\/revisions\/23392"}],"wp:featuredmedia":[{"embeddable":true,"href":"https:\/\/www.yungayino.cl\/noticias\/index.php?rest_route=\/wp\/v2\/media\/23387"}],"wp:attachment":[{"href":"https:\/\/www.yungayino.cl\/noticias\/index.php?rest_route=%2Fwp%2Fv2%2Fmedia&parent=23386"}],"wp:term":[{"taxonomy":"category","embeddable":true,"href":"https:\/\/www.yungayino.cl\/noticias\/index.php?rest_route=%2Fwp%2Fv2%2Fcategories&post=23386"},{"taxonomy":"post_tag","embeddable":true,"href":"https:\/\/www.yungayino.cl\/noticias\/index.php?rest_route=%2Fwp%2Fv2%2Ftags&post=23386"}],"curies":[{"name":"wp","href":"https:\/\/api.w.org\/{rel}","templated":true}]}}