{"id":23435,"date":"2020-11-15T07:00:29","date_gmt":"2020-11-15T10:00:29","guid":{"rendered":"http:\/\/www.yungayino.cl\/noticias\/?p=23435"},"modified":"2020-11-10T18:28:45","modified_gmt":"2020-11-10T21:28:45","slug":"duenos-y-trabajadores-de-micro-y-pequenas-empresas-de-nuble-aun-pueden-tomar-cursos-de-capacitacion-gratuitos","status":"publish","type":"post","link":"https:\/\/www.yungayino.cl\/noticias\/?p=23435","title":{"rendered":"Due\u00f1os y Trabajadores de Micro y Peque\u00f1as Empresas de \u00d1uble A\u00fan Pueden Tomar Cursos de Capacitaci\u00f3n Gratuitos"},"content":{"rendered":"<p><img loading=\"lazy\" decoding=\"async\" class=\"alignnone size-full wp-image-23436\" src=\"http:\/\/www.yungayino.cl\/noticias\/wp-content\/uploads\/2020\/11\/Sence.jpg\" alt=\"\" width=\"700\" height=\"369\" srcset=\"https:\/\/www.yungayino.cl\/noticias\/wp-content\/uploads\/2020\/11\/Sence.jpg 700w, https:\/\/www.yungayino.cl\/noticias\/wp-content\/uploads\/2020\/11\/Sence-300x158.jpg 300w, https:\/\/www.yungayino.cl\/noticias\/wp-content\/uploads\/2020\/11\/Sence-285x150.jpg 285w\" sizes=\"auto, (max-width: 700px) 100vw, 700px\" \/><\/p>\n<p style=\"text-align: justify;\">\u00d1uble, noviembre 2020: Autoridades regionales resaltaron que se trata de una buena oportunidad pensando en la reactivaci\u00f3n.<\/p>\n<p style=\"text-align: justify;\">Due\u00f1os, socios y trabajadores de micro y peque\u00f1as empresas de la Regi\u00f3n de \u00d1uble a\u00fan pueden utilizar cupos disponibles del programa Despega Mipe del Servicio Nacional de Capacitaci\u00f3n y Empleo (Sence), de forma gratuita. Las inscripciones se realizan en el sitio web <a href=\"https:\/\/www.sence.gob.cl\/\"><strong>www.sence.cl<\/strong><\/a>.<\/p>\n<p style=\"text-align: justify;\">Los seremis de Trabajo y de Econom\u00eda, Yeniffer Ferrada y Roger Cisterna, respectivamente, resaltaron las posibilidades que entregan iniciativas de este tipo, con m\u00f3dulos en \u00e1reas de finanzas, atenci\u00f3n a clientes, marketing digital y comercio electr\u00f3nico, entre otras, pensando, adem\u00e1s, en la reactivaci\u00f3n econ\u00f3mica y del empleo en el pa\u00eds.<\/p>\n<p style=\"text-align: justify;\">\u201cEl Despega Mipe es un programa que sintoniza muy bien con el tiempo actual, es totalmente gratuito y en l\u00ednea. Sabemos que hay una necesidad muy grande por diversificar la forma tradicional de comerciar productos y de vender, y en tal sentido se abre una excelente oportunidad para personas que se desempe\u00f1an o dirigen micro y peque\u00f1as empresas. Esperamos que muchos trabajadores y emprendedores de la regi\u00f3n tomen cursos\u201d, se\u00f1al\u00f3 la seremi Ferrada.<\/p>\n<p style=\"text-align: justify;\">Su par de Econom\u00eda, Roger Cisterna, indic\u00f3 que el programa de apacitaci\u00f3n \u201ces una de las tantas acciones que se han reforzado en el contexto del plan \u2018Paso a Paso Chile se Recupera\u2019, en el que nuestras peque\u00f1as empresas tienen un rol central. Esperamos que la actividad econ\u00f3mica contin\u00fae mostrando signos de recuperaci\u00f3n, tomando todos los recaudos necesarios para enfrentar la pandemia, y que en ella los emprendimientos se realicen con f\u00f3rmulas novedosas, para lo que este tipo de capacitaciones son fundamentales\u201d.<\/p>\n<p style=\"text-align: justify;\">Por su parte, el director regional del Sence, Rodolfo Zaror, coment\u00f3 que el servicio \u201cha estado permanentemente adecuando su oferta program\u00e1tica al contexto que nos ha planteado este a\u00f1o, y es as\u00ed como las capacitaciones \u00a0en l\u00ednea han cubierto los diversos grupos a quienes nos dirigimos habitualmente, entre ellos, por supuesto que est\u00e1n las micro y peque\u00f1as empresas\u201d.<\/p>\n<p style=\"text-align: justify;\">En el sitio web <a href=\"https:\/\/www.sence.gob.cl\/\"><strong>www.sence.cl<\/strong><\/a>, los interesados pueden postular seg\u00fan la zona de inter\u00e9s, complet\u00e1ndose el proceso con un voucher de confirmaci\u00f3n que la entidad env\u00eda al mail del solicitante para que luego \u00e9ste haga lo mismo con el organismo ejecutor que dicta el m\u00f3dulo.<\/p>\n<p style=\"text-align: justify;\">\n","protected":false},"excerpt":{"rendered":"<p>\u00d1uble, noviembre 2020: Autoridades regionales resaltaron que se trata de una buena oportunidad pensando en la reactivaci\u00f3n. Due\u00f1os, socios y trabajadores de micro y peque\u00f1as empresas de la Regi\u00f3n de \u00d1uble a\u00fan pueden utilizar&#46;&#46;&#46;<\/p>\n","protected":false},"author":2,"featured_media":23436,"comment_status":"closed","ping_status":"open","sticky":false,"template":"","format":"standard","meta":{"footnotes":""},"categories":[1,32],"tags":[2393,1115,1678,1602,8,6,117],"class_list":["post-23435","post","type-post","status-publish","format-standard","has-post-thumbnail","hentry","category-noticias","category-servicios","tag-curso-gratuitos","tag-noticias","tag-nuble","tag-sence","tag-yungay","tag-yungayino","tag-yungayinocl"],"_links":{"self":[{"href":"https:\/\/www.yungayino.cl\/noticias\/index.php?rest_route=\/wp\/v2\/posts\/23435","targetHints":{"allow":["GET"]}}],"collection":[{"href":"https:\/\/www.yungayino.cl\/noticias\/index.php?rest_route=\/wp\/v2\/posts"}],"about":[{"href":"https:\/\/www.yungayino.cl\/noticias\/index.php?rest_route=\/wp\/v2\/types\/post"}],"author":[{"embeddable":true,"href":"https:\/\/www.yungayino.cl\/noticias\/index.php?rest_route=\/wp\/v2\/users\/2"}],"replies":[{"embeddable":true,"href":"https:\/\/www.yungayino.cl\/noticias\/index.php?rest_route=%2Fwp%2Fv2%2Fcomments&post=23435"}],"version-history":[{"count":3,"href":"https:\/\/www.yungayino.cl\/noticias\/index.php?rest_route=\/wp\/v2\/posts\/23435\/revisions"}],"predecessor-version":[{"id":23439,"href":"https:\/\/www.yungayino.cl\/noticias\/index.php?rest_route=\/wp\/v2\/posts\/23435\/revisions\/23439"}],"wp:featuredmedia":[{"embeddable":true,"href":"https:\/\/www.yungayino.cl\/noticias\/index.php?rest_route=\/wp\/v2\/media\/23436"}],"wp:attachment":[{"href":"https:\/\/www.yungayino.cl\/noticias\/index.php?rest_route=%2Fwp%2Fv2%2Fmedia&parent=23435"}],"wp:term":[{"taxonomy":"category","embeddable":true,"href":"https:\/\/www.yungayino.cl\/noticias\/index.php?rest_route=%2Fwp%2Fv2%2Fcategories&post=23435"},{"taxonomy":"post_tag","embeddable":true,"href":"https:\/\/www.yungayino.cl\/noticias\/index.php?rest_route=%2Fwp%2Fv2%2Ftags&post=23435"}],"curies":[{"name":"wp","href":"https:\/\/api.w.org\/{rel}","templated":true}]}}