{"id":23440,"date":"2020-11-16T07:00:55","date_gmt":"2020-11-16T10:00:55","guid":{"rendered":"http:\/\/www.yungayino.cl\/noticias\/?p=23440"},"modified":"2020-11-10T18:30:40","modified_gmt":"2020-11-10T21:30:40","slug":"centros-turisticos-y-gastronomicos-de-las-termas-reciben-visita-de-la-seremi-del-trabajo-en-el-marco-del-plan-paso-a-paso-laboral","status":"publish","type":"post","link":"https:\/\/www.yungayino.cl\/noticias\/?p=23440","title":{"rendered":"Centros Tur\u00edsticos y Gastron\u00f3micos de Las Termas Reciben Visita de la Seremi del Trabajo en el Marco del Plan \u201cPaso a Paso Laboral\u201d"},"content":{"rendered":"<p><img loading=\"lazy\" decoding=\"async\" class=\"alignnone size-full wp-image-23441\" src=\"http:\/\/www.yungayino.cl\/noticias\/wp-content\/uploads\/2020\/11\/Termas-2.jpg\" alt=\"\" width=\"700\" height=\"451\" srcset=\"https:\/\/www.yungayino.cl\/noticias\/wp-content\/uploads\/2020\/11\/Termas-2.jpg 700w, https:\/\/www.yungayino.cl\/noticias\/wp-content\/uploads\/2020\/11\/Termas-2-300x193.jpg 300w, https:\/\/www.yungayino.cl\/noticias\/wp-content\/uploads\/2020\/11\/Termas-2-233x150.jpg 233w\" sizes=\"auto, (max-width: 700px) 100vw, 700px\" \/><\/p>\n<p style=\"text-align: justify;\">\u00d1uble, noviembre 2020: La autoridad de la cartera en la zona se\u00f1al\u00f3 que \u201cestaremos para ayudar a todo quien lo necesite; es fundamental cumplir con los protocolos a cabalidad\u201d.<\/p>\n<p style=\"text-align: justify;\">En una decena de centros tur\u00edsticos y gastron\u00f3micos de Las Termas de Chill\u00e1n y Las Trancas, como hoteles y restaurantes, estuvo la seremi del Trabajo y Previsi\u00f3n Social de \u00d1uble, Yeniffer Ferrada, en el marco del plan \u201cPaso a Paso Laboral\u201d, para el funcionamiento de dichos recintos en \u00e9poca de pandemia.<\/p>\n<p style=\"text-align: justify;\">Adem\u00e1s, en la oportunidad repas\u00f3 los puntos contenidos en el Formulario \u00danico de Fiscalizaci\u00f3n (FUF), instrumento aplicado tanto por la Direcci\u00f3n del Trabajo (DT), como por la autoridad sanitaria. Al respecto, la titular de la cartera en la zona se\u00f1al\u00f3 que \u201ccomo Gobierno estaremos para ayudar a todo quien lo necesite; es fundamental cumplir con los protocolos a cabalidad. Si somos capaces de cuidar a los trabajadores y al p\u00fablico en general se dar\u00e1 una actividad con responsabilidad\u201d.<\/p>\n<p style=\"text-align: justify;\">Asimismo, Ferrada valor\u00f3 \u201cun sector econ\u00f3mico tremendamente importante dentro del andamiaje regional. Hemos estado con empresas, con empresarios de distintos tama\u00f1os, en los sectores de Las Termas, Las Trancas, Los Lleuques y Recinto, y la voluntad que hemos podido observar es avanzar en conjunto, cumplir con lo que se pide tomando todos los resguardos del caso, y mucho \u00e1nimo en esta apertura gradual\u201d.<\/p>\n<p style=\"text-align: justify;\">El plan \u201cPaso a Paso Laboral\u201d es la hoja de ruta que el Ministerio del Trabajo estableci\u00f3 para disminuir los focos de contagio de Covid-19 en espacios laborales. En tal sentido, desde hace semanas, tanto la DT como la Seremi de Salud aplican el FUF en la Regi\u00f3n de \u00d1uble. Toda la informaci\u00f3n referida al plan se encuentra en la web: <a href=\"http:\/\/www.pasoapasolaboral.cl\/\"><strong>www.pasoapasolaboral.cl<\/strong><\/a>.<\/p>\n<p style=\"text-align: justify;\">En el mismo sitio electr\u00f3nico se pueden descargar recomendaciones sectoriales para la operaci\u00f3n del comercio, la construcci\u00f3n, la miner\u00eda y la agricultura, entre otros, adem\u00e1s de documentos como la Gu\u00eda de Autocuidado del Ministerio de Salud y un kit con se\u00f1al\u00e9ticas gen\u00e9ricas.<\/p>\n","protected":false},"excerpt":{"rendered":"<p>\u00d1uble, noviembre 2020: La autoridad de la cartera en la zona se\u00f1al\u00f3 que \u201cestaremos para ayudar a todo quien lo necesite; es fundamental cumplir con los protocolos a cabalidad\u201d. En una decena de centros&#46;&#46;&#46;<\/p>\n","protected":false},"author":2,"featured_media":23441,"comment_status":"closed","ping_status":"open","sticky":false,"template":"","format":"standard","meta":{"footnotes":""},"categories":[1],"tags":[1115,1678,1602,8,6],"class_list":["post-23440","post","type-post","status-publish","format-standard","has-post-thumbnail","hentry","category-noticias","tag-noticias","tag-nuble","tag-sence","tag-yungay","tag-yungayino"],"_links":{"self":[{"href":"https:\/\/www.yungayino.cl\/noticias\/index.php?rest_route=\/wp\/v2\/posts\/23440","targetHints":{"allow":["GET"]}}],"collection":[{"href":"https:\/\/www.yungayino.cl\/noticias\/index.php?rest_route=\/wp\/v2\/posts"}],"about":[{"href":"https:\/\/www.yungayino.cl\/noticias\/index.php?rest_route=\/wp\/v2\/types\/post"}],"author":[{"embeddable":true,"href":"https:\/\/www.yungayino.cl\/noticias\/index.php?rest_route=\/wp\/v2\/users\/2"}],"replies":[{"embeddable":true,"href":"https:\/\/www.yungayino.cl\/noticias\/index.php?rest_route=%2Fwp%2Fv2%2Fcomments&post=23440"}],"version-history":[{"count":3,"href":"https:\/\/www.yungayino.cl\/noticias\/index.php?rest_route=\/wp\/v2\/posts\/23440\/revisions"}],"predecessor-version":[{"id":23444,"href":"https:\/\/www.yungayino.cl\/noticias\/index.php?rest_route=\/wp\/v2\/posts\/23440\/revisions\/23444"}],"wp:featuredmedia":[{"embeddable":true,"href":"https:\/\/www.yungayino.cl\/noticias\/index.php?rest_route=\/wp\/v2\/media\/23441"}],"wp:attachment":[{"href":"https:\/\/www.yungayino.cl\/noticias\/index.php?rest_route=%2Fwp%2Fv2%2Fmedia&parent=23440"}],"wp:term":[{"taxonomy":"category","embeddable":true,"href":"https:\/\/www.yungayino.cl\/noticias\/index.php?rest_route=%2Fwp%2Fv2%2Fcategories&post=23440"},{"taxonomy":"post_tag","embeddable":true,"href":"https:\/\/www.yungayino.cl\/noticias\/index.php?rest_route=%2Fwp%2Fv2%2Ftags&post=23440"}],"curies":[{"name":"wp","href":"https:\/\/api.w.org\/{rel}","templated":true}]}}