{"id":23448,"date":"2020-11-12T08:00:26","date_gmt":"2020-11-12T11:00:26","guid":{"rendered":"http:\/\/www.yungayino.cl\/noticias\/?p=23448"},"modified":"2020-11-11T21:22:05","modified_gmt":"2020-11-12T00:22:05","slug":"12-emprendedores-de-nuestra-comuna-se-adjudicaron-fondos-del-programa-reactivate-pyme-de-sercotec","status":"publish","type":"post","link":"https:\/\/www.yungayino.cl\/noticias\/?p=23448","title":{"rendered":"12 Emprendedores de Nuestra Comuna se Adjudicaron Fondos del Programa React\u00edvate Pyme de Sercotec"},"content":{"rendered":"<p><img loading=\"lazy\" decoding=\"async\" class=\"alignnone size-full wp-image-23449\" src=\"http:\/\/www.yungayino.cl\/noticias\/wp-content\/uploads\/2020\/11\/11-noviembre-sercotec.jpg\" alt=\"\" width=\"700\" height=\"700\" srcset=\"https:\/\/www.yungayino.cl\/noticias\/wp-content\/uploads\/2020\/11\/11-noviembre-sercotec.jpg 700w, https:\/\/www.yungayino.cl\/noticias\/wp-content\/uploads\/2020\/11\/11-noviembre-sercotec-300x300.jpg 300w, https:\/\/www.yungayino.cl\/noticias\/wp-content\/uploads\/2020\/11\/11-noviembre-sercotec-150x150.jpg 150w, https:\/\/www.yungayino.cl\/noticias\/wp-content\/uploads\/2020\/11\/11-noviembre-sercotec-80x80.jpg 80w, https:\/\/www.yungayino.cl\/noticias\/wp-content\/uploads\/2020\/11\/11-noviembre-sercotec-320x320.jpg 320w\" sizes=\"auto, (max-width: 700px) 100vw, 700px\" \/><\/p>\n<p style=\"text-align: justify;\">Yungay, noviembre 2020: Estos proyectos fueron postulados por las y los emprendedores, con la gu\u00eda y el apoyo de los profesionales de la oficina de Fomento Productivo y Turismo de la Direcci\u00f3n de Desarrollo Econ\u00f3mico Local y Sustentabilidad de la Municipalidad (DIDEL).<\/p>\n<p style=\"text-align: justify;\">La adjudicaci\u00f3n de estos fondos contribuir\u00e1 directamente con la reactivaci\u00f3n econ\u00f3mica de la comuna y, puntualmente, ayudar\u00e1 a amortiguar los efectos de la disminuci\u00f3n de ventas de los emprendimientos beneficiados con estos proyectos.<\/p>\n<p style=\"text-align: justify;\">\u00abQuiero felicitar a las y los emprendedores beneficiados con estos proyectos, y agradecer el trabajo que realizan nuestras oficinas de Fomento Productivo y Turismo municipal para seguir creciendo promoviendo el desarrollo local\u00bb se\u00f1al\u00f3 el alcalde, Rafael Cifuentes Rodr\u00edguez.<\/p>\n<p style=\"text-align: justify;\"><a href=\"https:\/\/www.sercotec.cl\/reactivate-pyme-comunas-de-bulnes-el-carmen-pemuco-pinto-quillon-san-ignacio-y-yungay\/?fbclid=IwAR3TOUYIbpkTPDeL5gGnLRVjnq30eE3UM1F3F-neU-Fo3CZZ_G64s3xkgc8\">https:\/\/www.sercotec.cl\/reactivate-pyme-comunas-de-bulnes-el-carmen-pemuco-pinto-quillon-san-ignacio-y-yungay\/?fbclid=IwAR3TOUYIbpkTPDeL5gGnLRVjnq30eE3UM1F3F-neU-Fo3CZZ_G64s3xkgc8<\/a><\/p>\n","protected":false},"excerpt":{"rendered":"<p>Yungay, noviembre 2020: Estos proyectos fueron postulados por las y los emprendedores, con la gu\u00eda y el apoyo de los profesionales de la oficina de Fomento Productivo y Turismo de la Direcci\u00f3n de Desarrollo&#46;&#46;&#46;<\/p>\n","protected":false},"author":2,"featured_media":23449,"comment_status":"closed","ping_status":"open","sticky":false,"template":"","format":"standard","meta":{"footnotes":""},"categories":[1],"tags":[1115,2395,160,8,6,117],"class_list":["post-23448","post","type-post","status-publish","format-standard","has-post-thumbnail","hentry","category-noticias","tag-noticias","tag-programa-reactivate-pyme","tag-sercotec","tag-yungay","tag-yungayino","tag-yungayinocl"],"_links":{"self":[{"href":"https:\/\/www.yungayino.cl\/noticias\/index.php?rest_route=\/wp\/v2\/posts\/23448","targetHints":{"allow":["GET"]}}],"collection":[{"href":"https:\/\/www.yungayino.cl\/noticias\/index.php?rest_route=\/wp\/v2\/posts"}],"about":[{"href":"https:\/\/www.yungayino.cl\/noticias\/index.php?rest_route=\/wp\/v2\/types\/post"}],"author":[{"embeddable":true,"href":"https:\/\/www.yungayino.cl\/noticias\/index.php?rest_route=\/wp\/v2\/users\/2"}],"replies":[{"embeddable":true,"href":"https:\/\/www.yungayino.cl\/noticias\/index.php?rest_route=%2Fwp%2Fv2%2Fcomments&post=23448"}],"version-history":[{"count":1,"href":"https:\/\/www.yungayino.cl\/noticias\/index.php?rest_route=\/wp\/v2\/posts\/23448\/revisions"}],"predecessor-version":[{"id":23450,"href":"https:\/\/www.yungayino.cl\/noticias\/index.php?rest_route=\/wp\/v2\/posts\/23448\/revisions\/23450"}],"wp:featuredmedia":[{"embeddable":true,"href":"https:\/\/www.yungayino.cl\/noticias\/index.php?rest_route=\/wp\/v2\/media\/23449"}],"wp:attachment":[{"href":"https:\/\/www.yungayino.cl\/noticias\/index.php?rest_route=%2Fwp%2Fv2%2Fmedia&parent=23448"}],"wp:term":[{"taxonomy":"category","embeddable":true,"href":"https:\/\/www.yungayino.cl\/noticias\/index.php?rest_route=%2Fwp%2Fv2%2Fcategories&post=23448"},{"taxonomy":"post_tag","embeddable":true,"href":"https:\/\/www.yungayino.cl\/noticias\/index.php?rest_route=%2Fwp%2Fv2%2Ftags&post=23448"}],"curies":[{"name":"wp","href":"https:\/\/api.w.org\/{rel}","templated":true}]}}