{"id":23472,"date":"2020-11-19T20:00:19","date_gmt":"2020-11-19T23:00:19","guid":{"rendered":"http:\/\/www.yungayino.cl\/noticias\/?p=23472"},"modified":"2020-11-19T22:05:58","modified_gmt":"2020-11-20T01:05:58","slug":"seremi-de-educacion-de-nuble-lanza-aplicacion-que-potenciara-participacion-de-las-familias-en-los-procesos-educativos-de-los-ninos-y-ninas","status":"publish","type":"post","link":"https:\/\/www.yungayino.cl\/noticias\/?p=23472","title":{"rendered":"Seremi de Educaci\u00f3n de \u00d1uble Lanza Aplicaci\u00f3n que Potenciar\u00e1 Participaci\u00f3n de las Familias en los Procesos Educativos de los Ni\u00f1os y Ni\u00f1as"},"content":{"rendered":"<p><img loading=\"lazy\" decoding=\"async\" class=\"alignnone size-full wp-image-23473\" src=\"http:\/\/www.yungayino.cl\/noticias\/wp-content\/uploads\/2020\/11\/educacion.jpg\" alt=\"\" width=\"700\" height=\"360\" srcset=\"https:\/\/www.yungayino.cl\/noticias\/wp-content\/uploads\/2020\/11\/educacion.jpg 700w, https:\/\/www.yungayino.cl\/noticias\/wp-content\/uploads\/2020\/11\/educacion-300x154.jpg 300w, https:\/\/www.yungayino.cl\/noticias\/wp-content\/uploads\/2020\/11\/educacion-292x150.jpg 292w\" sizes=\"auto, (max-width: 700px) 100vw, 700px\" \/><\/p>\n<p style=\"text-align: justify;\">\u00d1uble, noviembre 2020: En el Jard\u00edn Infantil Peque\u00f1os Sue\u00f1os de Chill\u00e1n se realiz\u00f3 la presentaci\u00f3n regional de la APP \u201c<strong>Contigo Juego y Aprendo<\/strong>\u201d, iniciativa de la Subsecretar\u00eda de Educaci\u00f3n Parvularia que busca potenciar el desarrollo y aprendizaje de las ni\u00f1as y ni\u00f1os, y que se puede descargar gratuitamente en Google Play y App Store.<\/p>\n<p style=\"text-align: justify;\">Este mi\u00e9rcoles y junto a la comunidad educativa del jard\u00edn infantil \u201cPeque\u00f1os Sue\u00f1os\u201d,\u00a0 de la comuna de Chill\u00e1n, el Seremi de Educaci\u00f3n de la Regi\u00f3n de \u00d1uble, Daniel San Mart\u00edn, realiz\u00f3 el lanzamiento regional de la aplicaci\u00f3n \u201cContigo Juego y Aprendo\u201d, iniciativa del Mineduc que busca potenciar la participaci\u00f3n permanente de las familias en los procesos educativos de las ni\u00f1as y ni\u00f1os. Con esto, se da cumplimiento a uno de los compromisos del programa de gobierno del presidente Sebasti\u00e1n Pi\u00f1era.<\/p>\n<p style=\"text-align: justify;\">El Seremi de Educaci\u00f3n, Daniel San Mart\u00edn, se\u00f1al\u00f3 que \u201cEsta APP, que estar\u00e1 disponible para todas las comunidades de los jardines que reciben aportes del estado, permitir\u00e1 potenciar la comunicaci\u00f3n entre el jard\u00edn infantil y las familias, algo muy importante en este nivel, para fortalecer los procesos educativos, especialmente en el contexto en el que estamos\u201d.<\/p>\n<p style=\"text-align: justify;\">\u201cContigo Juego y Aprendo\u201d cuenta con una Biblioteca Virtual, abierta a todas y todos y que permitir\u00e1 acceder a una serie de recursos, videos y contenidos educativos enfocados en las familias y que buscan potenciar desde el hogar el desarrollo y aprendizaje de las ni\u00f1as\/os.<\/p>\n<p style=\"text-align: justify;\">En resumen, adem\u00e1s de los contenidos de libre acceso de \u201cContigo Juego y Aprendo\u201d, aplicaci\u00f3n que est\u00e1 disponible para su descarga gratuita en Google Play y App Store, la APP tambi\u00e9n cuenta con otras funcionalidades enfocadas en potenciar la comunicaci\u00f3n entre las familias y los equipos educativos, las que beneficiar\u00e1n, durante el a\u00f1o 2020, a 30 mil usuarios, de unos 250 establecimientos que reciben recursos del Estado (Servicios Locales de Educaci\u00f3n P\u00fablica, V\u00eda Transferencia de Fondos VTF municipales y privados). En tanto, durante el 2021, la aplicaci\u00f3n con todas sus funcionalidades estar\u00e1 disponible para todos los establecimientos VTF del pa\u00eds.<\/p>\n","protected":false},"excerpt":{"rendered":"<p>\u00d1uble, noviembre 2020: En el Jard\u00edn Infantil Peque\u00f1os Sue\u00f1os de Chill\u00e1n se realiz\u00f3 la presentaci\u00f3n regional de la APP \u201cContigo Juego y Aprendo\u201d, iniciativa de la Subsecretar\u00eda de Educaci\u00f3n Parvularia que busca potenciar el&#46;&#46;&#46;<\/p>\n","protected":false},"author":2,"featured_media":23473,"comment_status":"closed","ping_status":"open","sticky":false,"template":"","format":"standard","meta":{"footnotes":""},"categories":[1493,1,32],"tags":[366,1115,1678,8,6,117],"class_list":["post-23472","post","type-post","status-publish","format-standard","has-post-thumbnail","hentry","category-educacion","category-noticias","category-servicios","tag-educacion","tag-noticias","tag-nuble","tag-yungay","tag-yungayino","tag-yungayinocl"],"_links":{"self":[{"href":"https:\/\/www.yungayino.cl\/noticias\/index.php?rest_route=\/wp\/v2\/posts\/23472","targetHints":{"allow":["GET"]}}],"collection":[{"href":"https:\/\/www.yungayino.cl\/noticias\/index.php?rest_route=\/wp\/v2\/posts"}],"about":[{"href":"https:\/\/www.yungayino.cl\/noticias\/index.php?rest_route=\/wp\/v2\/types\/post"}],"author":[{"embeddable":true,"href":"https:\/\/www.yungayino.cl\/noticias\/index.php?rest_route=\/wp\/v2\/users\/2"}],"replies":[{"embeddable":true,"href":"https:\/\/www.yungayino.cl\/noticias\/index.php?rest_route=%2Fwp%2Fv2%2Fcomments&post=23472"}],"version-history":[{"count":1,"href":"https:\/\/www.yungayino.cl\/noticias\/index.php?rest_route=\/wp\/v2\/posts\/23472\/revisions"}],"predecessor-version":[{"id":23474,"href":"https:\/\/www.yungayino.cl\/noticias\/index.php?rest_route=\/wp\/v2\/posts\/23472\/revisions\/23474"}],"wp:featuredmedia":[{"embeddable":true,"href":"https:\/\/www.yungayino.cl\/noticias\/index.php?rest_route=\/wp\/v2\/media\/23473"}],"wp:attachment":[{"href":"https:\/\/www.yungayino.cl\/noticias\/index.php?rest_route=%2Fwp%2Fv2%2Fmedia&parent=23472"}],"wp:term":[{"taxonomy":"category","embeddable":true,"href":"https:\/\/www.yungayino.cl\/noticias\/index.php?rest_route=%2Fwp%2Fv2%2Fcategories&post=23472"},{"taxonomy":"post_tag","embeddable":true,"href":"https:\/\/www.yungayino.cl\/noticias\/index.php?rest_route=%2Fwp%2Fv2%2Ftags&post=23472"}],"curies":[{"name":"wp","href":"https:\/\/api.w.org\/{rel}","templated":true}]}}