{"id":23478,"date":"2020-11-21T07:00:11","date_gmt":"2020-11-21T10:00:11","guid":{"rendered":"http:\/\/www.yungayino.cl\/noticias\/?p=23478"},"modified":"2020-11-19T22:19:10","modified_gmt":"2020-11-20T01:19:10","slug":"seremi-de-las-culturas-anuncia-que-16-artesanos-de-nuble-ingresaron-al-registro-nacional-chileartesania","status":"publish","type":"post","link":"https:\/\/www.yungayino.cl\/noticias\/?p=23478","title":{"rendered":"Seremi de las Culturas Anuncia que 16 Artesanos de \u00d1uble Ingresaron al Registro Nacional ChileArtesan\u00eda"},"content":{"rendered":"<p><img loading=\"lazy\" decoding=\"async\" class=\"alignnone size-full wp-image-23479\" src=\"http:\/\/www.yungayino.cl\/noticias\/wp-content\/uploads\/2020\/11\/artesanos.jpg\" alt=\"\" width=\"700\" height=\"351\" srcset=\"https:\/\/www.yungayino.cl\/noticias\/wp-content\/uploads\/2020\/11\/artesanos.jpg 700w, https:\/\/www.yungayino.cl\/noticias\/wp-content\/uploads\/2020\/11\/artesanos-300x150.jpg 300w, https:\/\/www.yungayino.cl\/noticias\/wp-content\/uploads\/2020\/11\/artesanos-299x150.jpg 299w\" sizes=\"auto, (max-width: 700px) 100vw, 700px\" \/><\/p>\n<p style=\"text-align: justify;\">\u00d1uble, noviembre 2020: Los creadores\/as seleccionados en ChileArtesan\u00eda obtienen un certificado de registro que acredita su condici\u00f3n. Adem\u00e1s, pueden participar de una plataforma que facilita el intercambio de informaci\u00f3n y la asociatividad del sector, y acceder a informaci\u00f3n relacionada con fuentes de financiamiento, ferias y concursos a nivel nacional e internacional.<\/p>\n<p style=\"text-align: justify;\">De Cobquecura, Ninhue, Coihueco, San Fabi\u00e1n, Quill\u00f3n, Coelemu, Yungay y Chill\u00e1n son los nuevos artesanos y artesanas que ingresaron este 2020 al Registro Nacional ChileArtesan\u00eda. En total, 16 personas que se suman a las 101 de la regi\u00f3n de \u00d1uble que ya integraban en registro. En una simb\u00f3lica ceremonia en el Sal\u00f3n Prat de la Intendencia, cinco artesanas y artesanos recibieron su certificado de parte del Intendente Mart\u00edn Arrau y de la Seremi de las Culturas Mar\u00eda Soledad Castro.<\/p>\n<p style=\"text-align: justify;\">\u201cHace 5 a\u00f1os comenc\u00e9 a aprender la t\u00e9cnica del tejido a bolillo de la artesana Elena Alarc\u00f3n que ya tiene cerca de 100 a\u00f1os y que era la \u00fanica en Chile que quedaba con los conocimientos de este arte. Ella me capacit\u00f3 a m\u00ed y otras cuatro mujeres y luego nos transformamos en monitoras. Ahora somos cerca de 20 mujeres las que ya sabemos esta t\u00e9cnica y no solo tejemos blondas como se hac\u00eda antiguamente; ahora hacemos ropa, pulseras, pantallas y mucho m\u00e1s. Postul\u00e9 a ChileArtesan\u00eda para poder continuar con el legado y generosidad de la se\u00f1ora Elena\u201d, relat\u00f3\u00a0 la artesana Mar\u00eda Fernanda Torde Cobquecura.<\/p>\n<p style=\"text-align: justify;\">\u201cOrgullosos de estos 16 artesanos y de los cientos de \u00f1ublensinos que ya forman parte de Chile Artesan\u00eda, dejando en lo m\u00e1s alto el nombre de la regi\u00f3n con sus productos textiles, cestas, alfarer\u00eda, cer\u00e1mica.\u00a0 El llamado a la comunidad es a preferir nuestros productos, a regalar artesan\u00eda y ayudar tambi\u00e9n a\u00a0 quienes se han convertido en nuestros representantes\u00a0 culturales\u201d, declar\u00f3 el Intendente de \u00d1uble, Mart\u00edn Arrau<\/p>\n<p style=\"text-align: justify;\">Cada a\u00f1o, el Ministerio de las Culturas, las Artes y el Patrimonio abre la postulaci\u00f3n al registro para que los creadores y creadoras pueden incorporarse a \u00e9l. Esto con el objetivo de reconocer y valorar la artesan\u00eda nacional y a quienes la desarrollan, garantizando su autenticidad, caracter\u00edsticas de su identidad, atributos de la creaci\u00f3n y la promoci\u00f3n de su calidad, reconociendo y visibilizando toda la cadena de valor asociada al sector, promoviendo as\u00ed, al mismo tiempo, la circulaci\u00f3n de obras y la asociatividad del sector.<\/p>\n<p style=\"text-align: justify;\">\u201cUna vez m\u00e1s queda de manifiesto nuestra riqueza cultural como regi\u00f3n. Cada artesano no s\u00f3lo fabrica artesan\u00eda, sino que es capaz de transmitir historias de vida, de materializar en una obra nuestra identidad y, la vez, ser embajador de ella\u201d, precis\u00f3\u00a0 la seremi de las Cultura de \u00d1uble, Mar\u00eda Soledad Castro.<\/p>\n<p style=\"text-align: justify;\">Adem\u00e1s de Mar\u00eda Fernanda, los artesanos de \u00d1uble que ingresaron al Registro ChileArtesan\u00eda son: Alba Ruiz Torres de Coelemu; <strong>Janett Vallejos Heredia de Yungay<\/strong>; Celermo Toro Arriagada, Jaime Barrera Montecinos y Sandra Rodr\u00edguez Bravo de Ninhue; Celestina\u00a0 Guti\u00e9rrez Valderrama de Quill\u00f3n; EdithBecerra Reyes, Ernestina Reyes Sep\u00falveda, Mar\u00eda Victoria Medina Becerra, Jessica Becerra Medina y Ricardo P\u00e9rez V\u00e1squez de Coihueco; \u00d3scar Guti\u00e9rrez de San Fabi\u00e1n y Mirza Delgado, Pablo Guti\u00e9rrez y Joaqu\u00edn Isla de Chill\u00e1n.<\/p>\n<p style=\"text-align: justify;\">Los artesanos y organizaciones seleccionados en ChileArtesan\u00eda obtienen un certificado de registro que acredita su condici\u00f3n. Adem\u00e1s, pueden participar de una plataforma que facilita el intercambio de informaci\u00f3n y la asociatividad del sector, y acceder a informaci\u00f3n relacionada con fuentes de financiamiento, ferias y concursos a nivel nacional e internacional.<\/p>\n<p style=\"text-align: justify;\">Adem\u00e1s de acreditar la condici\u00f3n, ChileArtesan\u00eda permite que tiendas, personas naturales o municipios, entre otros interesados en consultar sobre productos artesanales y sus creadores, puedan acceder a un cat\u00e1logo de calidad en <a href=\"https:\/\/chileartesania.cultura.gob.cl\/\"><strong>chileartesania.cultura.gob.cl<\/strong><\/a><\/p>\n<p style=\"text-align: justify;\">Las postulaciones de artesanos y artesanas a ChileArtesan\u00eda fueron evaluadas por un comit\u00e9 regional integrado por la alfarera de Quinchamal\u00ed con Sello de Excelencia a la Artesan\u00eda Nacional e Internacional, M\u00f3nica Venegas, la evaluadora Fondart \u00e1rea artesan\u00eda, Natalia V\u00e1squez y la encargada de Fondos de la Seremi de las Culturas, las Artes y el Patrimonio, Daisy D\u00edaz.<\/p>\n<p style=\"text-align: justify;\"><strong>Registro ChileArtesan\u00eda: <a href=\"https:\/\/chileartesania.cultura.gob.cl\/\">chileartesania.cultura.gob.cl<\/a><\/strong><\/p>\n","protected":false},"excerpt":{"rendered":"<p>\u00d1uble, noviembre 2020: Los creadores\/as seleccionados en ChileArtesan\u00eda obtienen un certificado de registro que acredita su condici\u00f3n. Adem\u00e1s, pueden participar de una plataforma que facilita el intercambio de informaci\u00f3n y la asociatividad del sector,&#46;&#46;&#46;<\/p>\n","protected":false},"author":2,"featured_media":23479,"comment_status":"closed","ping_status":"open","sticky":false,"template":"","format":"standard","meta":{"footnotes":""},"categories":[1],"tags":[623,2248,2294,1115,1678,8,6],"class_list":["post-23478","post","type-post","status-publish","format-standard","has-post-thumbnail","hentry","category-noticias","tag-artesanos","tag-chile-artesania","tag-cultura","tag-noticias","tag-nuble","tag-yungay","tag-yungayino"],"_links":{"self":[{"href":"https:\/\/www.yungayino.cl\/noticias\/index.php?rest_route=\/wp\/v2\/posts\/23478","targetHints":{"allow":["GET"]}}],"collection":[{"href":"https:\/\/www.yungayino.cl\/noticias\/index.php?rest_route=\/wp\/v2\/posts"}],"about":[{"href":"https:\/\/www.yungayino.cl\/noticias\/index.php?rest_route=\/wp\/v2\/types\/post"}],"author":[{"embeddable":true,"href":"https:\/\/www.yungayino.cl\/noticias\/index.php?rest_route=\/wp\/v2\/users\/2"}],"replies":[{"embeddable":true,"href":"https:\/\/www.yungayino.cl\/noticias\/index.php?rest_route=%2Fwp%2Fv2%2Fcomments&post=23478"}],"version-history":[{"count":3,"href":"https:\/\/www.yungayino.cl\/noticias\/index.php?rest_route=\/wp\/v2\/posts\/23478\/revisions"}],"predecessor-version":[{"id":23482,"href":"https:\/\/www.yungayino.cl\/noticias\/index.php?rest_route=\/wp\/v2\/posts\/23478\/revisions\/23482"}],"wp:featuredmedia":[{"embeddable":true,"href":"https:\/\/www.yungayino.cl\/noticias\/index.php?rest_route=\/wp\/v2\/media\/23479"}],"wp:attachment":[{"href":"https:\/\/www.yungayino.cl\/noticias\/index.php?rest_route=%2Fwp%2Fv2%2Fmedia&parent=23478"}],"wp:term":[{"taxonomy":"category","embeddable":true,"href":"https:\/\/www.yungayino.cl\/noticias\/index.php?rest_route=%2Fwp%2Fv2%2Fcategories&post=23478"},{"taxonomy":"post_tag","embeddable":true,"href":"https:\/\/www.yungayino.cl\/noticias\/index.php?rest_route=%2Fwp%2Fv2%2Ftags&post=23478"}],"curies":[{"name":"wp","href":"https:\/\/api.w.org\/{rel}","templated":true}]}}