{"id":23523,"date":"2020-11-28T10:00:01","date_gmt":"2020-11-28T13:00:01","guid":{"rendered":"http:\/\/www.yungayino.cl\/noticias\/?p=23523"},"modified":"2020-11-28T13:31:19","modified_gmt":"2020-11-28T16:31:19","slug":"mujeres-yungayinas-formalizan-su-organizacion-comunitaria","status":"publish","type":"post","link":"https:\/\/www.yungayino.cl\/noticias\/?p=23523","title":{"rendered":"Mujeres Yungayinas Formalizan su Organizaci\u00f3n Comunitaria"},"content":{"rendered":"<p><img loading=\"lazy\" decoding=\"async\" class=\"alignnone size-full wp-image-23524\" src=\"http:\/\/www.yungayino.cl\/noticias\/wp-content\/uploads\/2020\/11\/1-5.jpg\" alt=\"\" width=\"700\" height=\"351\" srcset=\"https:\/\/www.yungayino.cl\/noticias\/wp-content\/uploads\/2020\/11\/1-5.jpg 700w, https:\/\/www.yungayino.cl\/noticias\/wp-content\/uploads\/2020\/11\/1-5-300x150.jpg 300w, https:\/\/www.yungayino.cl\/noticias\/wp-content\/uploads\/2020\/11\/1-5-299x150.jpg 299w\" sizes=\"auto, (max-width: 700px) 100vw, 700px\" \/><\/p>\n<p style=\"text-align: justify;\">Yungay, noviembre 2020: La directora de desarrollo comunitario, Pamela Jelves, y la encargada de organizaciones comunitarias, Hayde\u00e9 Ferrada, acompa\u00f1aron a mujeres yungayinas que conforman el comit\u00e9 campesino av\u00edcola y frutos de mi tierra El Cardal en su formalizaci\u00f3n como organizaci\u00f3n comunitaria.<\/p>\n<p style=\"text-align: justify;\">Este comit\u00e9 forma parte de las agrupaciones con las que trabaja la fundaci\u00f3n para la Promoci\u00f3n y el Desarrollo de la Mujer (PRODEMU) que opera en Yungay.<\/p>\n<p>\u00a1Muchas felicidades por empoderarse como mujeres yungayinas!<\/p>\n","protected":false},"excerpt":{"rendered":"<p>Yungay, noviembre 2020: La directora de desarrollo comunitario, Pamela Jelves, y la encargada de organizaciones comunitarias, Hayde\u00e9 Ferrada, acompa\u00f1aron a mujeres yungayinas que conforman el comit\u00e9 campesino av\u00edcola y frutos de mi tierra El&#46;&#46;&#46;<\/p>\n","protected":false},"author":2,"featured_media":23524,"comment_status":"closed","ping_status":"open","sticky":false,"template":"","format":"standard","meta":{"footnotes":""},"categories":[1],"tags":[1115,500,8,6,117],"class_list":["post-23523","post","type-post","status-publish","format-standard","has-post-thumbnail","hentry","category-noticias","tag-noticias","tag-prodemu","tag-yungay","tag-yungayino","tag-yungayinocl"],"_links":{"self":[{"href":"https:\/\/www.yungayino.cl\/noticias\/index.php?rest_route=\/wp\/v2\/posts\/23523","targetHints":{"allow":["GET"]}}],"collection":[{"href":"https:\/\/www.yungayino.cl\/noticias\/index.php?rest_route=\/wp\/v2\/posts"}],"about":[{"href":"https:\/\/www.yungayino.cl\/noticias\/index.php?rest_route=\/wp\/v2\/types\/post"}],"author":[{"embeddable":true,"href":"https:\/\/www.yungayino.cl\/noticias\/index.php?rest_route=\/wp\/v2\/users\/2"}],"replies":[{"embeddable":true,"href":"https:\/\/www.yungayino.cl\/noticias\/index.php?rest_route=%2Fwp%2Fv2%2Fcomments&post=23523"}],"version-history":[{"count":2,"href":"https:\/\/www.yungayino.cl\/noticias\/index.php?rest_route=\/wp\/v2\/posts\/23523\/revisions"}],"predecessor-version":[{"id":23526,"href":"https:\/\/www.yungayino.cl\/noticias\/index.php?rest_route=\/wp\/v2\/posts\/23523\/revisions\/23526"}],"wp:featuredmedia":[{"embeddable":true,"href":"https:\/\/www.yungayino.cl\/noticias\/index.php?rest_route=\/wp\/v2\/media\/23524"}],"wp:attachment":[{"href":"https:\/\/www.yungayino.cl\/noticias\/index.php?rest_route=%2Fwp%2Fv2%2Fmedia&parent=23523"}],"wp:term":[{"taxonomy":"category","embeddable":true,"href":"https:\/\/www.yungayino.cl\/noticias\/index.php?rest_route=%2Fwp%2Fv2%2Fcategories&post=23523"},{"taxonomy":"post_tag","embeddable":true,"href":"https:\/\/www.yungayino.cl\/noticias\/index.php?rest_route=%2Fwp%2Fv2%2Ftags&post=23523"}],"curies":[{"name":"wp","href":"https:\/\/api.w.org\/{rel}","templated":true}]}}