{"id":23555,"date":"2020-12-03T10:00:43","date_gmt":"2020-12-03T13:00:43","guid":{"rendered":"http:\/\/www.yungayino.cl\/noticias\/?p=23555"},"modified":"2020-12-03T13:35:10","modified_gmt":"2020-12-03T16:35:10","slug":"sernatur-nuble-realiza-agenda-de-trabajo-en-la-comuna-de-yungay-para-avanzar-conjuntamente-con-la-reactivacion-turistica","status":"publish","type":"post","link":"https:\/\/www.yungayino.cl\/noticias\/?p=23555","title":{"rendered":"SERNATUR \u00d1uble Realiza Agenda de Trabajo en la Comuna de Yungay, Para Avanzar Conjuntamente con la Reactivaci\u00f3n Tur\u00edstica"},"content":{"rendered":"<p><img loading=\"lazy\" decoding=\"async\" class=\"alignnone size-full wp-image-23556\" src=\"http:\/\/www.yungayino.cl\/noticias\/wp-content\/uploads\/2020\/12\/portada-turismo.jpg\" alt=\"\" width=\"700\" height=\"350\" srcset=\"https:\/\/www.yungayino.cl\/noticias\/wp-content\/uploads\/2020\/12\/portada-turismo.jpg 700w, https:\/\/www.yungayino.cl\/noticias\/wp-content\/uploads\/2020\/12\/portada-turismo-300x150.jpg 300w\" sizes=\"auto, (max-width: 700px) 100vw, 700px\" \/><\/p>\n<p style=\"text-align: justify;\">Yungay, diciembre 2020: La actividad organizada por la Municipalidad de Yungay y SERNATUR \u00d1uble, cont\u00f3 con la participaci\u00f3n de gremios y empresarios tur\u00edsticos, adem\u00e1s, de la comunidad vinculada. La actividad tuvo por objetivo coordinar acciones en conjunto en pro de la reactivaci\u00f3n tur\u00edstica de la comuna.<\/p>\n<p style=\"text-align: justify;\">La visita liderada por la directora regional de turismo en \u00d1uble, Heidi Inostroza Rojas, tuvo como finalidad articular, informar, coordinar y gestionar acciones que contribuyan a la recuperaci\u00f3n del sector en la comuna de Yungay. La visita comenz\u00f3 con una reuni\u00f3n extendida con empresarios tur\u00edsticos de la comuna para apoyarlos en la implementaci\u00f3n de los protocolos sanitarios, posteriormente se realizaron reuniones con la C\u00e1mara de Turismo y la C\u00e1mara de Comercio, Turismo, Servicios y Transporte de la comuna de Yungay.<\/p>\n<p style=\"text-align: justify;\">En la oportunidad se visit\u00f3 el Salto del Itata, para sostener una reuni\u00f3n con la junta de vecinos de la localidad de Ranchillo Bajo, quienes tienen la administraci\u00f3n de est\u00e9 atractivo. De esa forma se cumple con el objetivo de informar respecto a las medidas de prevenci\u00f3n del COVID-19, y apoyarlos en la reapertura del parque.<\/p>\n<p style=\"text-align: justify;\">Seg\u00fan inform\u00f3 la directora regional de SERNATUR \u00d1uble, Heidi Inostroza Rojas, \u201cYungay es una comuna con potencial tur\u00edstico y el desarrollar una colaboraci\u00f3n p\u00fablico-privada es clave para contribuir no s\u00f3lo a la reactivaci\u00f3n del sector, sino tambi\u00e9n buscar resultados en conjunto, producto de nuevas ideas, de di\u00e1logo, de una planificaci\u00f3n conjunta y de la relaci\u00f3n entre los actores participantes, donde los gremios y la municipalidad tienen bastante que aportar generando sinergias. Por ello seguiremos trabajando en estos esfuerzos para avanzar y que viajar por Yungay vuelva a ser un plan.\u201d<\/p>\n<p>&nbsp;<\/p>\n<p style=\"text-align: justify;\">[su_button url=\u00bbhttps:\/\/web.facebook.com\/media\/set\/?vanity=yungayino.cl&amp;set=a.4037887379559604&#8243; target=\u00bbblank\u00bb size=\u00bb7&#8243; radius=\u00bbround\u00bb icon=\u00bbicon: facebook-square\u00bb]FOTOGRAF\u00cdAS \u2013 SERNATUR \u00d1uble Realiza Agenda de Trabajo en la Comuna de Yungay, Para Avanzar Conjuntamente con la Reactivaci\u00f3n Tur\u00edstica[\/su_button]<\/p>\n","protected":false},"excerpt":{"rendered":"<p>Yungay, diciembre 2020: La actividad organizada por la Municipalidad de Yungay y SERNATUR \u00d1uble, cont\u00f3 con la participaci\u00f3n de gremios y empresarios tur\u00edsticos, adem\u00e1s, de la comunidad vinculada. La actividad tuvo por objetivo coordinar&#46;&#46;&#46;<\/p>\n","protected":false},"author":2,"featured_media":23556,"comment_status":"closed","ping_status":"open","sticky":false,"template":"","format":"standard","meta":{"footnotes":""},"categories":[1],"tags":[1115,1128,1119,8,6,117],"class_list":["post-23555","post","type-post","status-publish","format-standard","has-post-thumbnail","hentry","category-noticias","tag-noticias","tag-sernatur","tag-turismo","tag-yungay","tag-yungayino","tag-yungayinocl"],"_links":{"self":[{"href":"https:\/\/www.yungayino.cl\/noticias\/index.php?rest_route=\/wp\/v2\/posts\/23555","targetHints":{"allow":["GET"]}}],"collection":[{"href":"https:\/\/www.yungayino.cl\/noticias\/index.php?rest_route=\/wp\/v2\/posts"}],"about":[{"href":"https:\/\/www.yungayino.cl\/noticias\/index.php?rest_route=\/wp\/v2\/types\/post"}],"author":[{"embeddable":true,"href":"https:\/\/www.yungayino.cl\/noticias\/index.php?rest_route=\/wp\/v2\/users\/2"}],"replies":[{"embeddable":true,"href":"https:\/\/www.yungayino.cl\/noticias\/index.php?rest_route=%2Fwp%2Fv2%2Fcomments&post=23555"}],"version-history":[{"count":3,"href":"https:\/\/www.yungayino.cl\/noticias\/index.php?rest_route=\/wp\/v2\/posts\/23555\/revisions"}],"predecessor-version":[{"id":23565,"href":"https:\/\/www.yungayino.cl\/noticias\/index.php?rest_route=\/wp\/v2\/posts\/23555\/revisions\/23565"}],"wp:featuredmedia":[{"embeddable":true,"href":"https:\/\/www.yungayino.cl\/noticias\/index.php?rest_route=\/wp\/v2\/media\/23556"}],"wp:attachment":[{"href":"https:\/\/www.yungayino.cl\/noticias\/index.php?rest_route=%2Fwp%2Fv2%2Fmedia&parent=23555"}],"wp:term":[{"taxonomy":"category","embeddable":true,"href":"https:\/\/www.yungayino.cl\/noticias\/index.php?rest_route=%2Fwp%2Fv2%2Fcategories&post=23555"},{"taxonomy":"post_tag","embeddable":true,"href":"https:\/\/www.yungayino.cl\/noticias\/index.php?rest_route=%2Fwp%2Fv2%2Ftags&post=23555"}],"curies":[{"name":"wp","href":"https:\/\/api.w.org\/{rel}","templated":true}]}}