{"id":23569,"date":"2020-12-03T13:00:32","date_gmt":"2020-12-03T16:00:32","guid":{"rendered":"http:\/\/www.yungayino.cl\/noticias\/?p=23569"},"modified":"2020-12-03T14:22:06","modified_gmt":"2020-12-03T17:22:06","slug":"complejo-cholguan-de-maderas-arauco-s-a-cumplio-21-anos-y-realizo-ceremonia-de-reconocimiento-a-sus-trabajadores","status":"publish","type":"post","link":"https:\/\/www.yungayino.cl\/noticias\/?p=23569","title":{"rendered":"Complejo Cholgu\u00e1n de Maderas Arauco S.A. Cumpli\u00f3 21 A\u00f1os y Realiz\u00f3 Ceremonia de Reconocimiento a sus Trabajadores"},"content":{"rendered":"<p><img loading=\"lazy\" decoding=\"async\" class=\"alignnone size-full wp-image-23570\" src=\"http:\/\/www.yungayino.cl\/noticias\/wp-content\/uploads\/2020\/12\/portada-2.jpg\" alt=\"\" width=\"700\" height=\"403\" srcset=\"https:\/\/www.yungayino.cl\/noticias\/wp-content\/uploads\/2020\/12\/portada-2.jpg 700w, https:\/\/www.yungayino.cl\/noticias\/wp-content\/uploads\/2020\/12\/portada-2-300x173.jpg 300w, https:\/\/www.yungayino.cl\/noticias\/wp-content\/uploads\/2020\/12\/portada-2-261x150.jpg 261w\" sizes=\"auto, (max-width: 700px) 100vw, 700px\" \/><\/p>\n<p style=\"text-align: justify;\">Cholgu\u00e1n, diciembre 2020: El Complejo Cholgu\u00e1n cumpli\u00f3 21 a\u00f1os de vida esta semana, por lo que se llev\u00f3 a cabo una ceremonia de premiaci\u00f3n sencilla pero muy emotiva respetando todo los protocolos sanitarios y covid-19 para reconocer la labor de sus trabajadores.<\/p>\n<p style=\"text-align: justify;\">La actividad se llev\u00f3 a cabo en las dependencias del complejo la que fue presidida por la Sra. Fernanda Urra, Encargada de Servicio Personas, quien presento al Sr. Rodrigo Inostroza, Gerente del Complejo Cholgu\u00e1n, el cual se\u00f1alo en su discurso a sus trabajadores lo siguiente: \u201cPor la situaci\u00f3n que vive todo el mundo con la pandemia del coronavirus covid-19 reitero el llamado a confiar que esto va a pasar y que de igual forma esta ceremonia de reconocimiento es el resultado de un trabajo de excelencia de todos los trabajadores y colaboradores del Complejo Cholgu\u00e1n.\u201d<\/p>\n<p style=\"text-align: justify;\">\u201cHe aprendido mucho de ustedes, he visto como han crecido sus hijos, hijos profesionales y ya algunos casados. El futuro est\u00e1 lleno de desaf\u00edos somos un complejo que est\u00e1 aportando, que reconoce las ideas innovadoras que tienden hacer cambios.\u201d<\/p>\n<p style=\"text-align: justify;\">Sr. Rodrigo Inostroza destac\u00f3 que Aserradero ha tenido buenos resultados de producci\u00f3n. Remanufactura que nunca hab\u00eda producido como hasta ahora, una de las plantas de Vigas Laminada que logramos ganarle a todas las dificultades, logramos posicionarnos dejando a la altura de cualquier \u00a0planta de producci\u00f3n de vigas, es por eso que doy las gracias a todos por su compromiso, colaboraci\u00f3n y su trabajo bien hecho.<\/p>\n<p>En la oportunidad fueron 78 trabajadores que recibieron su reconocimiento por 10, 15, 20 y 25 a\u00f1os de compromiso con la Empresa arauco.<\/p>\n<p style=\"text-align: justify;\">[su_button url=\u00bbhttps:\/\/web.facebook.com\/media\/set\/?vanity=yungayino.cl&amp;set=a.4037922889556053&#8243; target=\u00bbblank\u00bb size=\u00bb7&#8243; radius=\u00bbround\u00bb icon=\u00bbicon: facebook-square\u00bb]FOTOGRAF\u00cdAS &#8211; Complejo Cholgu\u00e1n de Maderas Arauco S.A. Cumpli\u00f3 21 A\u00f1os y Realiz\u00f3 Ceremonia de Reconocimiento a sus Trabajadores[\/su_button]<\/p>\n","protected":false},"excerpt":{"rendered":"<p>Cholgu\u00e1n, diciembre 2020: El Complejo Cholgu\u00e1n cumpli\u00f3 21 a\u00f1os de vida esta semana, por lo que se llev\u00f3 a cabo una ceremonia de premiaci\u00f3n sencilla pero muy emotiva respetando todo los protocolos sanitarios y&#46;&#46;&#46;<\/p>\n","protected":false},"author":2,"featured_media":23570,"comment_status":"closed","ping_status":"open","sticky":false,"template":"","format":"standard","meta":{"footnotes":""},"categories":[1],"tags":[2404,298,968,35,1864,1115,8,6,117],"class_list":["post-23569","post","type-post","status-publish","format-standard","has-post-thumbnail","hentry","category-noticias","tag-21-anos","tag-aniversario","tag-aserradero","tag-cholguan","tag-maderas-arauco","tag-noticias","tag-yungay","tag-yungayino","tag-yungayinocl"],"_links":{"self":[{"href":"https:\/\/www.yungayino.cl\/noticias\/index.php?rest_route=\/wp\/v2\/posts\/23569","targetHints":{"allow":["GET"]}}],"collection":[{"href":"https:\/\/www.yungayino.cl\/noticias\/index.php?rest_route=\/wp\/v2\/posts"}],"about":[{"href":"https:\/\/www.yungayino.cl\/noticias\/index.php?rest_route=\/wp\/v2\/types\/post"}],"author":[{"embeddable":true,"href":"https:\/\/www.yungayino.cl\/noticias\/index.php?rest_route=\/wp\/v2\/users\/2"}],"replies":[{"embeddable":true,"href":"https:\/\/www.yungayino.cl\/noticias\/index.php?rest_route=%2Fwp%2Fv2%2Fcomments&post=23569"}],"version-history":[{"count":5,"href":"https:\/\/www.yungayino.cl\/noticias\/index.php?rest_route=\/wp\/v2\/posts\/23569\/revisions"}],"predecessor-version":[{"id":23574,"href":"https:\/\/www.yungayino.cl\/noticias\/index.php?rest_route=\/wp\/v2\/posts\/23569\/revisions\/23574"}],"wp:featuredmedia":[{"embeddable":true,"href":"https:\/\/www.yungayino.cl\/noticias\/index.php?rest_route=\/wp\/v2\/media\/23570"}],"wp:attachment":[{"href":"https:\/\/www.yungayino.cl\/noticias\/index.php?rest_route=%2Fwp%2Fv2%2Fmedia&parent=23569"}],"wp:term":[{"taxonomy":"category","embeddable":true,"href":"https:\/\/www.yungayino.cl\/noticias\/index.php?rest_route=%2Fwp%2Fv2%2Fcategories&post=23569"},{"taxonomy":"post_tag","embeddable":true,"href":"https:\/\/www.yungayino.cl\/noticias\/index.php?rest_route=%2Fwp%2Fv2%2Ftags&post=23569"}],"curies":[{"name":"wp","href":"https:\/\/api.w.org\/{rel}","templated":true}]}}