{"id":2361,"date":"2009-11-02T09:00:05","date_gmt":"2009-11-02T13:00:05","guid":{"rendered":"http:\/\/www.yungayino.cl\/noticias\/?p=2361"},"modified":"2010-03-28T20:09:34","modified_gmt":"2010-03-29T00:09:34","slug":"el-charro-de-nuble-presenta-los-videos-de-su-sexta-produccion","status":"publish","type":"post","link":"https:\/\/www.yungayino.cl\/noticias\/?p=2361","title":{"rendered":"El Charro de \u00d1uble Presenta Los Videos de su Sexta Producci\u00f3n"},"content":{"rendered":"<p><img decoding=\"async\" src=\"http:\/\/www.yungayino.cl\/imagenes\/elcharrodenuble.jpg\" alt=\"El Charro de \u00d1uble\" \/><\/p>\n<p align=\"justify\"><font size=\"2\">El Charro de \u00d1uble, nombre de pila Carlos Silva Garavito naci\u00f3 el 11 de octubre de 1967 en Yungay; terminando su estudios medios parti\u00f3 a la capital Santiago en busca de sus sue\u00f1os, hasta el a\u00f1o 2004 busc\u00f3 y busc\u00f3 siempre en la m\u00fasica y es en ese a\u00f1o que un sello discogr\u00e1fico le propone inmortalizar su voz, consiguiendo con ese sello discogr\u00e1fico 4 producciones con m\u00fasica norte\u00f1a (versos a mi hijo; de ma\u00f1ana en 8 d\u00edas; bonita finca de adobe; la joven de ojos negros). En el a\u00f1o 2008 un nuevo productor le propone grabar el quinto disco (error de un padre). Y en la actualidad trabaja en lo que ser\u00e1 su sexta producci\u00f3n a todo mariachis, con trompetas y violines; El Charro de \u00d1uble puede decir que el p\u00fablico ha sido su alimento y los escenarios su hogar. En esta ocasi\u00f3n nos presenta dos videos promocionales, junto al mariachis veracruz (mariachis que ha acompa\u00f1ado a muchos artistas internacionales).<br \/>\n<a href=\"http:\/\/www.yungayino.cl\/noticias\/?p=2361#comments\">Comente Aqu\u00ed<\/a><br \/>\n<a href=\"http:\/\/www.youtube.com\/watch?v=FxsUj6S4O_0\">Video \u00abUna Copa\u00bb El Charro de \u00d1uble<\/a><br \/>\n<a href=\"http:\/\/www.youtube.com\/watch?v=KTzoL-9rYdM\">Video \u00abAnda Paloma\u00bb El Charro de \u00d1uble<\/a><\/font><\/p>\n","protected":false},"excerpt":{"rendered":"<p>El Charro de \u00d1uble, nombre de pila Carlos Silva Garavito naci\u00f3 el 11 de octubre de 1967 en Yungay; terminando su estudios medios parti\u00f3 a la capital Santiago en busca de sus sue\u00f1os, hasta&#46;&#46;&#46;<\/p>\n","protected":false},"author":2,"featured_media":15152,"comment_status":"open","ping_status":"open","sticky":false,"template":"","format":"standard","meta":{"footnotes":""},"categories":[1],"tags":[96,1115,8,6],"class_list":["post-2361","post","type-post","status-publish","format-standard","has-post-thumbnail","hentry","category-noticias","tag-el-charro-de-nuble","tag-noticias","tag-yungay","tag-yungayino"],"_links":{"self":[{"href":"https:\/\/www.yungayino.cl\/noticias\/index.php?rest_route=\/wp\/v2\/posts\/2361","targetHints":{"allow":["GET"]}}],"collection":[{"href":"https:\/\/www.yungayino.cl\/noticias\/index.php?rest_route=\/wp\/v2\/posts"}],"about":[{"href":"https:\/\/www.yungayino.cl\/noticias\/index.php?rest_route=\/wp\/v2\/types\/post"}],"author":[{"embeddable":true,"href":"https:\/\/www.yungayino.cl\/noticias\/index.php?rest_route=\/wp\/v2\/users\/2"}],"replies":[{"embeddable":true,"href":"https:\/\/www.yungayino.cl\/noticias\/index.php?rest_route=%2Fwp%2Fv2%2Fcomments&post=2361"}],"version-history":[{"count":19,"href":"https:\/\/www.yungayino.cl\/noticias\/index.php?rest_route=\/wp\/v2\/posts\/2361\/revisions"}],"predecessor-version":[{"id":3303,"href":"https:\/\/www.yungayino.cl\/noticias\/index.php?rest_route=\/wp\/v2\/posts\/2361\/revisions\/3303"}],"wp:featuredmedia":[{"embeddable":true,"href":"https:\/\/www.yungayino.cl\/noticias\/index.php?rest_route=\/wp\/v2\/media\/15152"}],"wp:attachment":[{"href":"https:\/\/www.yungayino.cl\/noticias\/index.php?rest_route=%2Fwp%2Fv2%2Fmedia&parent=2361"}],"wp:term":[{"taxonomy":"category","embeddable":true,"href":"https:\/\/www.yungayino.cl\/noticias\/index.php?rest_route=%2Fwp%2Fv2%2Fcategories&post=2361"},{"taxonomy":"post_tag","embeddable":true,"href":"https:\/\/www.yungayino.cl\/noticias\/index.php?rest_route=%2Fwp%2Fv2%2Ftags&post=2361"}],"curies":[{"name":"wp","href":"https:\/\/api.w.org\/{rel}","templated":true}]}}