{"id":23650,"date":"2020-12-29T10:00:12","date_gmt":"2020-12-29T13:00:12","guid":{"rendered":"http:\/\/www.yungayino.cl\/noticias\/?p=23650"},"modified":"2020-12-30T13:06:38","modified_gmt":"2020-12-30T16:06:38","slug":"diguillin-detenidos-y-sumarios-sanitarios-en-jornada-de-fiscalizacion-nocturna-previo-al-ano-nuevo","status":"publish","type":"post","link":"https:\/\/www.yungayino.cl\/noticias\/?p=23650","title":{"rendered":"Diguill\u00edn: Detenidos y Sumarios Sanitarios en Jornada de Fiscalizaci\u00f3n Nocturna Previo al A\u00f1o Nuevo"},"content":{"rendered":"<p><img loading=\"lazy\" decoding=\"async\" class=\"alignnone size-full wp-image-23651\" src=\"http:\/\/www.yungayino.cl\/noticias\/wp-content\/uploads\/2020\/12\/toque-de-queda.jpg\" alt=\"\" width=\"700\" height=\"351\" srcset=\"https:\/\/www.yungayino.cl\/noticias\/wp-content\/uploads\/2020\/12\/toque-de-queda.jpg 700w, https:\/\/www.yungayino.cl\/noticias\/wp-content\/uploads\/2020\/12\/toque-de-queda-300x150.jpg 300w, https:\/\/www.yungayino.cl\/noticias\/wp-content\/uploads\/2020\/12\/toque-de-queda-299x150.jpg 299w\" sizes=\"auto, (max-width: 700px) 100vw, 700px\" \/><\/p>\n<p style=\"text-align: justify;\">Diguill\u00edn, diciembre 2020: Una serie de fiscalizaciones se han dispuesto desde la Jefatura de la Defensa en la Regi\u00f3n, en coordinaci\u00f3n con la Intendencia y las diferentes Gobernaciones de \u00d1uble, con el objetivo de supervisar el cumplimiento de las medidas sanitarias y el horario de toque de queda.<\/p>\n<p style=\"text-align: justify;\">La noche del lunes se desplegaron por las diferentes comunas de la Provincia los seremis de Gobierno, Econom\u00eda, Educaci\u00f3n, Vivienda, Agricultura y Hacienda, encabezados por el gobernador Roger Cisterna y acompa\u00f1ados por funcionarios de la Gobernaci\u00f3n, Carabineros y Militares.<\/p>\n<p style=\"text-align: justify;\">El Gobernador se\u00f1al\u00f3 que \u00abEl cumplimiento de las normas sanitarias es deber de todos, pero al parecer hay algunos que no han entendido la gravedad del problema hemos realizado distintas fiscalizaciones en todas las comunas con resultados diversos. Debo destacar el comportamiento de los vecinos de comunas como Pinto, donde no se cursaron infracciones y a su vez llamar la atenci\u00f3n de algunas comunas vecinas donde si hubo personas detenidas y sumarios sanitarios. El llamado es al autocuidado y a ser responsables\u00bb<\/p>\n<p style=\"text-align: justify;\">El balance de la fiscalizaci\u00f3n nocturna del lunes 28 de diciembre es el siguiente: Chill\u00e1n: 23 detenidos por art 318 CP (Toque de queda) y m\u00e1s de 10 sumarios sanitarios, San Ignacio: 1 detenido y 2 sumarios sanitarios, Quill\u00f3n: 2 detenidos y 1 sumario sanitario, Bulnes: 3 detenidos.<\/p>\n<p style=\"text-align: justify;\">Por su parte el Prefecto (S) de \u00d1uble, Comandante Leonardo Fern\u00e1ndez Manr\u00edquez se\u00f1al\u00f3 que \u00abel reforzamiento de los servicios nocturnos incrementa el despliegue en terreno y por eso se incrementa el n\u00famero de detenciones, de hecho, por esta raz\u00f3n es que de forma permanente realizamos rondas nocturnas extraordinarias, donde en promedio aprehendemos a 70 personas. En este operativo especial con las autoridades regionales, detuvimos en Chill\u00e1n a 23 sujetos y en la jurisdicci\u00f3n de Bulnes a otros seis que incumplieron las medidas sanitarias, especialmente, el toque de queda\u201d.<\/p>\n<p style=\"text-align: justify;\">En la regi\u00f3n total fueron 45 individuos, de ellos, seis reincidentes, detectados en las 184 fiscalizaciones que se realizaron para controlar el uso de salvoconducto durante la noche.<\/p>\n<p style=\"text-align: justify;\"><strong>Las fiscalizaciones nocturnas se mantendr\u00e1n martes 29 y mi\u00e9rcoles 30 de diciembre, y se realizar\u00e1 de manera peri\u00f3dica durante el mes de enero seg\u00fan como avance la situaci\u00f3n de pandemia en la regi\u00f3n.<\/strong><\/p>\n<p style=\"text-align: justify;\">Recordar horario toque de queda en todo el territorio nacional es de 22:00 a 05:00 de la ma\u00f1ana y para a\u00f1o nuevo excepcionalmente el toque de queda ser\u00e1 de 02:00 a 07:00 de la ma\u00f1ana.<\/p>\n","protected":false},"excerpt":{"rendered":"<p>Diguill\u00edn, diciembre 2020: Una serie de fiscalizaciones se han dispuesto desde la Jefatura de la Defensa en la Regi\u00f3n, en coordinaci\u00f3n con la Intendencia y las diferentes Gobernaciones de \u00d1uble, con el objetivo de&#46;&#46;&#46;<\/p>\n","protected":false},"author":2,"featured_media":23651,"comment_status":"closed","ping_status":"open","sticky":false,"template":"","format":"standard","meta":{"footnotes":""},"categories":[1],"tags":[1763,1115,1678,2411,8,6,117],"class_list":["post-23650","post","type-post","status-publish","format-standard","has-post-thumbnail","hentry","category-noticias","tag-diguillin","tag-noticias","tag-nuble","tag-toque-de-queda","tag-yungay","tag-yungayino","tag-yungayinocl"],"_links":{"self":[{"href":"https:\/\/www.yungayino.cl\/noticias\/index.php?rest_route=\/wp\/v2\/posts\/23650","targetHints":{"allow":["GET"]}}],"collection":[{"href":"https:\/\/www.yungayino.cl\/noticias\/index.php?rest_route=\/wp\/v2\/posts"}],"about":[{"href":"https:\/\/www.yungayino.cl\/noticias\/index.php?rest_route=\/wp\/v2\/types\/post"}],"author":[{"embeddable":true,"href":"https:\/\/www.yungayino.cl\/noticias\/index.php?rest_route=\/wp\/v2\/users\/2"}],"replies":[{"embeddable":true,"href":"https:\/\/www.yungayino.cl\/noticias\/index.php?rest_route=%2Fwp%2Fv2%2Fcomments&post=23650"}],"version-history":[{"count":2,"href":"https:\/\/www.yungayino.cl\/noticias\/index.php?rest_route=\/wp\/v2\/posts\/23650\/revisions"}],"predecessor-version":[{"id":23653,"href":"https:\/\/www.yungayino.cl\/noticias\/index.php?rest_route=\/wp\/v2\/posts\/23650\/revisions\/23653"}],"wp:featuredmedia":[{"embeddable":true,"href":"https:\/\/www.yungayino.cl\/noticias\/index.php?rest_route=\/wp\/v2\/media\/23651"}],"wp:attachment":[{"href":"https:\/\/www.yungayino.cl\/noticias\/index.php?rest_route=%2Fwp%2Fv2%2Fmedia&parent=23650"}],"wp:term":[{"taxonomy":"category","embeddable":true,"href":"https:\/\/www.yungayino.cl\/noticias\/index.php?rest_route=%2Fwp%2Fv2%2Fcategories&post=23650"},{"taxonomy":"post_tag","embeddable":true,"href":"https:\/\/www.yungayino.cl\/noticias\/index.php?rest_route=%2Fwp%2Fv2%2Ftags&post=23650"}],"curies":[{"name":"wp","href":"https:\/\/api.w.org\/{rel}","templated":true}]}}