{"id":23664,"date":"2021-01-04T10:00:50","date_gmt":"2021-01-04T13:00:50","guid":{"rendered":"http:\/\/www.yungayino.cl\/noticias\/?p=23664"},"modified":"2021-01-04T14:43:27","modified_gmt":"2021-01-04T17:43:27","slug":"sernatur-nuble-invita-a-un-verano-seguro-y-responsable","status":"publish","type":"post","link":"https:\/\/www.yungayino.cl\/noticias\/?p=23664","title":{"rendered":"SERNATUR \u00d1uble Invita a un Verano Seguro y Responsable"},"content":{"rendered":"<p><img loading=\"lazy\" decoding=\"async\" class=\"alignnone size-full wp-image-23665\" src=\"http:\/\/www.yungayino.cl\/noticias\/wp-content\/uploads\/2021\/01\/turismo.jpg\" alt=\"\" width=\"1280\" height=\"851\" srcset=\"https:\/\/www.yungayino.cl\/noticias\/wp-content\/uploads\/2021\/01\/turismo.jpg 1280w, https:\/\/www.yungayino.cl\/noticias\/wp-content\/uploads\/2021\/01\/turismo-300x199.jpg 300w, https:\/\/www.yungayino.cl\/noticias\/wp-content\/uploads\/2021\/01\/turismo-1024x681.jpg 1024w, https:\/\/www.yungayino.cl\/noticias\/wp-content\/uploads\/2021\/01\/turismo-226x150.jpg 226w\" sizes=\"auto, (max-width: 1280px) 100vw, 1280px\" \/><\/p>\n<p style=\"text-align: justify;\">\u00d1uble, enero 2021: El Servicio Nacional de Turismo en \u00d1uble, liderado por su Directora Regional, Heidi Inostroza, invita a desarrollar un verano seguro y responsable, con enfasis en el autocuidado y en el cumplimiento de los protocolos sanitarios dispuestos por el Ministerio de Salud.<\/p>\n<p style=\"text-align: justify;\">Establecimientos gastron\u00f3micos, alojamientos, tour operadores, gu\u00edas de turismo, actividades de turismo aventura, entre otros, se han preparado durante estos meses capacitando e implementando los protocolos sanitarios y las gu\u00edas de buenas pr\u00e1cticas dispuestas por el Ministerio de Salud, Ministerio de Econom\u00eda, Fomento y Turismo, Subsecretaria de Turismo y SERNATUR dispuestos para la industria turistica con el objetivo de minimizar el riesgo de transmisi\u00f3n de Covid-19, de esta manera se orient\u00f3 al sector del turismo para estar preparado para operar y recibir visitantes.<\/p>\n<p style=\"text-align: justify;\">La directora de Sernatur, Heidi Inostroza se\u00f1al\u00f3, \u201cnuestro equipo regional y los gremios de turismo de la regi\u00f3n, estamos trabajando con mayor fuerza para cumplir los protocolos para minimizar el riesgo de contagio de COVID-19, y dando a conocer las medidas establecidas y para proporcionarles a los veraneantes la informaci\u00f3n necesaria para moverse seguros y disfrutar de las experiencias tur\u00edsticas que ofrece \u00d1uble\u201d.<\/p>\n<p style=\"text-align: justify;\">El alcalde de la comuna de Cobquecura, Julio Fuentes, se refiere, \u201cEsta pandemia nos ha traido nuevos desaf\u00edos y nuevas adaptaciones, uno de los mayores desaf\u00edos que tenemos en nuestra comuna es poder tener un verano responsable, que significa poder respetar nuestro entorno, a quienes nos rodean y a nosotros, utilizando los protocolos que la entidad de salud a dispuesto para ello. Cobquecura a permanecido mucho tiempo sin contagios, lo que nos tiene muy optimistas, para poder reactivar el comercio y turismo, y de esa forma poder ir avanzando en esta nueva realidad. Hacemos un llamado a quienes nos visitan, que nos ayuden, nos autocuidemos y cuidemos a Cobquecura\u201d.<\/p>\n<p style=\"text-align: justify;\">El presidente de la c\u00e1mara de Turismo del Valle las Trancas y presidente del consejo p\u00fablico-privado de turismo, Jos\u00e9 Saavedra, manifiesta, \u201cEn el valle Las Trancas los prestadores tur\u00edsticos nos estuvimos preparando desde mayo pasado hasta octubre para brindar un Turismo Seguro y Responsable. Con capacitaciones dictadas por un profesional en sanitizaci\u00f3n\u201d, a\u00f1adiendo que \u201cestamos preparados para recibir a pasajeros con la seguridad que ellos merecen y nosotros como prestadores de los servicios estar protegidos debidamente. Recomendamos a los turistas que quieran vacacionar en la cordillera de Pinto hacerlo eligiendo aquellos prestadores que est\u00e9n\u00a0registrados en Sernatur y que adem\u00e1s hayan suscrito el compromiso de cumplir con los protocolos a trav\u00e9s del Sello de Confianza Tur\u00edstica emitido por Sernatur. Invitamos a visitar el valle Las Trancas y termas de Chill\u00e1n con total seguridad de que se est\u00e1n\u00a0cumpliendo con todos los protocolos sanitarios\u201d.<\/p>\n<p style=\"text-align: justify;\">Andr\u00e9s Paquien, presidente de la c\u00e1mara de Turismo de Quill\u00f3n, se\u00f1ala, \u201cLos empresarios tur\u00edsticos de la comuna de quill\u00f3n, pertenecientes a los rubros de alojamiento, restaurantes, cafeter\u00edas y otros, socios de la A.G. C\u00e1mara de Tur\u00edsmo de Quill\u00f3n, y adem\u00e1s registrados en Sernatur, informamos que en la actual fase n\u00famero tres, nos encontramos en pleno funcionamiento, aplicando los protocolos covid establecidos por la autoridad sanitaria, y agradecidos tambi\u00e9n por el apoyo alcaldicio, que permiti\u00f3 la instalaci\u00f3n de terrazas en calzada pr\u00f3xima a cada establecimiento imposibilitado de funcionar anteriormente. Agradecemos tambi\u00e9n, el apoyo constante de Sernatur hacia el funcionamiento de nuestros locales adheridos\u201d.<\/p>\n<p style=\"text-align: justify;\">Finalmente, Heidi Inostroza invita a los prestadores de servicios tur\u00edsticos, que a\u00fan no lo han hecho, a \u201cdescargar los protocolos y gu\u00edas de recomendaciones por rubro y los insumos gr\u00e1ficos que les ayudar\u00e1n a implementar los protocolos sanitarios en <strong><a href=\"https:\/\/www.sernatur.cl\/protocolos\/\">https:\/\/www.sernatur.cl\/protocolos\/<\/a><\/strong> y a los visitantes a cuidarse, a cumplir los protocolos, a preferir establecimientos registrados en Sernatur que encontrar\u00e1n en <strong><a href=\"https:\/\/registro.sernatur.cl\/\">https:\/\/registro.sernatur.cl\/<\/a><\/strong> para cuidarnos entre todos, avanzar en el plan paso a paso y recuperar nuestra industria\u201d.<\/p>\n","protected":false},"excerpt":{"rendered":"<p>\u00d1uble, enero 2021: El Servicio Nacional de Turismo en \u00d1uble, liderado por su Directora Regional, Heidi Inostroza, invita a desarrollar un verano seguro y responsable, con enfasis en el autocuidado y en el cumplimiento&#46;&#46;&#46;<\/p>\n","protected":false},"author":2,"featured_media":23665,"comment_status":"closed","ping_status":"open","sticky":false,"template":"","format":"standard","meta":{"footnotes":""},"categories":[1,15],"tags":[1115,1678,1128,8,6,117],"class_list":["post-23664","post","type-post","status-publish","format-standard","has-post-thumbnail","hentry","category-noticias","category-turismo","tag-noticias","tag-nuble","tag-sernatur","tag-yungay","tag-yungayino","tag-yungayinocl"],"_links":{"self":[{"href":"https:\/\/www.yungayino.cl\/noticias\/index.php?rest_route=\/wp\/v2\/posts\/23664","targetHints":{"allow":["GET"]}}],"collection":[{"href":"https:\/\/www.yungayino.cl\/noticias\/index.php?rest_route=\/wp\/v2\/posts"}],"about":[{"href":"https:\/\/www.yungayino.cl\/noticias\/index.php?rest_route=\/wp\/v2\/types\/post"}],"author":[{"embeddable":true,"href":"https:\/\/www.yungayino.cl\/noticias\/index.php?rest_route=\/wp\/v2\/users\/2"}],"replies":[{"embeddable":true,"href":"https:\/\/www.yungayino.cl\/noticias\/index.php?rest_route=%2Fwp%2Fv2%2Fcomments&post=23664"}],"version-history":[{"count":2,"href":"https:\/\/www.yungayino.cl\/noticias\/index.php?rest_route=\/wp\/v2\/posts\/23664\/revisions"}],"predecessor-version":[{"id":23667,"href":"https:\/\/www.yungayino.cl\/noticias\/index.php?rest_route=\/wp\/v2\/posts\/23664\/revisions\/23667"}],"wp:featuredmedia":[{"embeddable":true,"href":"https:\/\/www.yungayino.cl\/noticias\/index.php?rest_route=\/wp\/v2\/media\/23665"}],"wp:attachment":[{"href":"https:\/\/www.yungayino.cl\/noticias\/index.php?rest_route=%2Fwp%2Fv2%2Fmedia&parent=23664"}],"wp:term":[{"taxonomy":"category","embeddable":true,"href":"https:\/\/www.yungayino.cl\/noticias\/index.php?rest_route=%2Fwp%2Fv2%2Fcategories&post=23664"},{"taxonomy":"post_tag","embeddable":true,"href":"https:\/\/www.yungayino.cl\/noticias\/index.php?rest_route=%2Fwp%2Fv2%2Ftags&post=23664"}],"curies":[{"name":"wp","href":"https:\/\/api.w.org\/{rel}","templated":true}]}}