{"id":23680,"date":"2021-01-07T17:00:53","date_gmt":"2021-01-07T20:00:53","guid":{"rendered":"http:\/\/www.yungayino.cl\/noticias\/?p=23680"},"modified":"2021-01-07T17:22:47","modified_gmt":"2021-01-07T20:22:47","slug":"seremi-de-las-culturas-y-corporacion-cultural-municipal-lanzan-convocatoria-para-hacer-arte-nuble","status":"publish","type":"post","link":"https:\/\/www.yungayino.cl\/noticias\/?p=23680","title":{"rendered":"Seremi de las Culturas y Corporaci\u00f3n Cultural Municipal Lanzan Convocatoria Para \u201cHacer Arte \u00d1uble\u201d"},"content":{"rendered":"<p><img loading=\"lazy\" decoding=\"async\" class=\"alignnone size-full wp-image-23681\" src=\"http:\/\/www.yungayino.cl\/noticias\/wp-content\/uploads\/2021\/01\/convenio-corporacion-cultural-chillan.jpg\" alt=\"\" width=\"700\" height=\"433\" srcset=\"https:\/\/www.yungayino.cl\/noticias\/wp-content\/uploads\/2021\/01\/convenio-corporacion-cultural-chillan.jpg 700w, https:\/\/www.yungayino.cl\/noticias\/wp-content\/uploads\/2021\/01\/convenio-corporacion-cultural-chillan-300x186.jpg 300w, https:\/\/www.yungayino.cl\/noticias\/wp-content\/uploads\/2021\/01\/convenio-corporacion-cultural-chillan-242x150.jpg 242w\" sizes=\"auto, (max-width: 700px) 100vw, 700px\" \/><\/p>\n<p style=\"text-align: justify;\">\u00d1uble, enero 2021: Con o sin pandemia la cultura no se detiene y la programaci\u00f3n art\u00edstica liderada por la Seremi de las Culturas, las Artes y el Patrimonio de \u00d1uble contin\u00faa, esta vez de la mano de la Corporaci\u00f3n Cultural Municipal de Chill\u00e1n. Gracias al convenio de colaboraci\u00f3n firmado entre la seremi Mar\u00eda Soledad Castro y el alcalde de Chill\u00e1n y presidente de la Corporaci\u00f3n, Sergio Zarzar, se realizar\u00e1 el proyecto de difusi\u00f3n art\u00edstica \u201cHacer Arte \u00d1uble\u201d, el cual trabajar\u00e1 a trav\u00e9s de diversas actividades de difusi\u00f3n, mediaci\u00f3n y formaci\u00f3n cultural<\/p>\n<p style=\"text-align: justify;\">\u201cQueremos seguir difundiendo el quehacer creativo de los artistas de la regi\u00f3n y esta vez m\u00e1s vinculados a las artes esc\u00e9nicas, es por ello que realizaremos una convocatoria para que 12 obras de teatro, danza, \u00f3pera, m\u00fasica y folclor puedan presentarse a un p\u00fablico familiar ya sea de manera presencial o virtual, dependiendo de las condiciones que nos imponga la pandemia\u201d, explic\u00f3 la seremi de las Culturas.<\/p>\n<p style=\"text-align: justify;\">\u201cComo chillanejos nos enorgullecemos de nuestra herencia cultural y del trabajo que junto a la Seremi de las Cultura desarrollamos para que nuestros artistas contin\u00faen teniendo sus espacios creativos y compartiendo su trabajo con toda la comunidad de \u00d1uble. La invitaci\u00f3n es para que nuestros talentos participen y tambi\u00e9n para que el p\u00fablico de Chill\u00e1n y la Regi\u00f3n disfruten de las diferentes puestas en escena de nuestros artistas\u201d, expres\u00f3 el alcalde de Chill\u00e1n.<\/p>\n<p style=\"text-align: justify;\"><strong>La convocatoria para participar de \u201cHacer Arte \u00d1uble\u201d se realizar\u00e1 a trav\u00e9s de la plataformas digitales del Teatro Municipal de Chill\u00e1n entre el 5 y 15 de enero<\/strong>. Las obras deben tener contenido in\u00e9dito y pueden postular aquellas compa\u00f1\u00edas o grupos de artistas, profesionales, semiprofesionales y creadores emergentes que posean montajes de su autor\u00eda (adaptaciones, creaciones colectivas y\/o dramaturgia emergente y montajes de autor) cuya <strong>residencia sea de la regi\u00f3n de \u00d1uble<\/strong>. Los montajes pueden ser creados para presentar en sala, que se adecuen al espacio (escenario) a la Gran Sala del Teatro Municipal de Chill\u00e1n, ya sea en formato presencial como tambi\u00e9n en el formato online.<\/p>\n<p style=\"text-align: justify;\"><strong><u>Formaci\u00f3n<\/u><\/strong><\/p>\n<p style=\"text-align: justify;\">Adem\u00e1s de la convocatoria para artes esc\u00e9nicas, desde marzo se realizar\u00e1n master class para el perfeccionamiento de las orquestas juveniles e infantiles de la regi\u00f3n, las cuales se har\u00e1n de manera virtual con maestros internacionales.<\/p>\n<p style=\"text-align: justify;\">\n","protected":false},"excerpt":{"rendered":"<p>\u00d1uble, enero 2021: Con o sin pandemia la cultura no se detiene y la programaci\u00f3n art\u00edstica liderada por la Seremi de las Culturas, las Artes y el Patrimonio de \u00d1uble contin\u00faa, esta vez de&#46;&#46;&#46;<\/p>\n","protected":false},"author":2,"featured_media":23681,"comment_status":"closed","ping_status":"open","sticky":false,"template":"","format":"standard","meta":{"footnotes":""},"categories":[1],"tags":[2294,1115,1678,8,6,117],"class_list":["post-23680","post","type-post","status-publish","format-standard","has-post-thumbnail","hentry","category-noticias","tag-cultura","tag-noticias","tag-nuble","tag-yungay","tag-yungayino","tag-yungayinocl"],"_links":{"self":[{"href":"https:\/\/www.yungayino.cl\/noticias\/index.php?rest_route=\/wp\/v2\/posts\/23680","targetHints":{"allow":["GET"]}}],"collection":[{"href":"https:\/\/www.yungayino.cl\/noticias\/index.php?rest_route=\/wp\/v2\/posts"}],"about":[{"href":"https:\/\/www.yungayino.cl\/noticias\/index.php?rest_route=\/wp\/v2\/types\/post"}],"author":[{"embeddable":true,"href":"https:\/\/www.yungayino.cl\/noticias\/index.php?rest_route=\/wp\/v2\/users\/2"}],"replies":[{"embeddable":true,"href":"https:\/\/www.yungayino.cl\/noticias\/index.php?rest_route=%2Fwp%2Fv2%2Fcomments&post=23680"}],"version-history":[{"count":2,"href":"https:\/\/www.yungayino.cl\/noticias\/index.php?rest_route=\/wp\/v2\/posts\/23680\/revisions"}],"predecessor-version":[{"id":23683,"href":"https:\/\/www.yungayino.cl\/noticias\/index.php?rest_route=\/wp\/v2\/posts\/23680\/revisions\/23683"}],"wp:featuredmedia":[{"embeddable":true,"href":"https:\/\/www.yungayino.cl\/noticias\/index.php?rest_route=\/wp\/v2\/media\/23681"}],"wp:attachment":[{"href":"https:\/\/www.yungayino.cl\/noticias\/index.php?rest_route=%2Fwp%2Fv2%2Fmedia&parent=23680"}],"wp:term":[{"taxonomy":"category","embeddable":true,"href":"https:\/\/www.yungayino.cl\/noticias\/index.php?rest_route=%2Fwp%2Fv2%2Fcategories&post=23680"},{"taxonomy":"post_tag","embeddable":true,"href":"https:\/\/www.yungayino.cl\/noticias\/index.php?rest_route=%2Fwp%2Fv2%2Ftags&post=23680"}],"curies":[{"name":"wp","href":"https:\/\/api.w.org\/{rel}","templated":true}]}}