{"id":23696,"date":"2021-01-09T08:00:38","date_gmt":"2021-01-09T11:00:38","guid":{"rendered":"http:\/\/www.yungayino.cl\/noticias\/?p=23696"},"modified":"2021-01-09T12:34:44","modified_gmt":"2021-01-09T15:34:44","slug":"yungay-recibe-nuevo-vehiculo-para-el-cuartel-de-bomberos","status":"publish","type":"post","link":"https:\/\/www.yungayino.cl\/noticias\/?p=23696","title":{"rendered":"Yungay Recibe Nuevo Veh\u00edculo Para el Cuartel de Bomberos"},"content":{"rendered":"<p><img loading=\"lazy\" decoding=\"async\" class=\"alignnone size-full wp-image-23697\" src=\"http:\/\/www.yungayino.cl\/noticias\/wp-content\/uploads\/2021\/01\/camioneta-bomberos.jpg\" alt=\"\" width=\"700\" height=\"397\" srcset=\"https:\/\/www.yungayino.cl\/noticias\/wp-content\/uploads\/2021\/01\/camioneta-bomberos.jpg 700w, https:\/\/www.yungayino.cl\/noticias\/wp-content\/uploads\/2021\/01\/camioneta-bomberos-300x170.jpg 300w, https:\/\/www.yungayino.cl\/noticias\/wp-content\/uploads\/2021\/01\/camioneta-bomberos-264x150.jpg 264w\" sizes=\"auto, (max-width: 700px) 100vw, 700px\" \/><\/p>\n<p style=\"text-align: justify;\">Yungay, enero 2021: Considerando que el riesgo de incendios forestales en la comuna aumenta en los meses de verano, el Consejo Regional de \u00d1uble, a trav\u00e9s del Gobierno Regional, financi\u00f3 la compra de un veh\u00edculo 4&#215;4 totalmente equipado para la emergencia, con el objetivo de aliviar a los voluntarios, voluntarias y comunidad en general ante el peligro.<\/p>\n<p style=\"text-align: justify;\">\u201cEste es un veh\u00edculo adquirido a trav\u00e9s de un proyecto que benefici\u00f3 a los 19 cuerpos de Bomberos de la Regi\u00f3n de \u00d1uble y, por lo mismo, agradecemos a los Consejeros Regionales por su aprobaci\u00f3n y al Gobierno Regional por el financiamiento de esta camioneta\u201d, mencion\u00f3 el Superintendente de Bomberos de Yungay, Pedro Carrasco Mieres.<\/p>\n<p style=\"text-align: justify;\">\u201cComienzo por destacar el trabajo que d\u00eda a d\u00eda realizan todos los voluntarios y voluntarias de Yungay quienes nos protegen de las llamas y muchas otras emergencias\u201d se\u00f1al\u00f3 el alcalde, Rafael Cifuentes Rodr\u00edguez, \u201cno cabe duda que es un gran d\u00eda para el cuerpo de bomberos de Yungay, estoy seguro que este nuevo veh\u00edculo permitir\u00e1 fortalecer el combate de incendios y siniestros\u201d.<\/p>\n<p style=\"text-align: justify;\">La camioneta 4&#215;4 posee una bomba de alta presi\u00f3n, un estanque para 300 litros de agua, 50 litros de espuma y un retardante para el fuego.<\/p>\n<p>&nbsp;<\/p>\n<p style=\"text-align: justify;\">[su_button url=\u00bbhttps:\/\/web.facebook.com\/media\/set\/?vanity=yungayino.cl&amp;set=a.4136540179694323&#8243; target=\u00bbblank\u00bb size=\u00bb7&#8243; radius=\u00bbround\u00bb icon=\u00bbicon: facebook-square\u00bb]FOTOGRAF\u00cdAS &#8211; Yungay Recibe Nuevo Veh\u00edculo Para el Cuartel de Bomberos[\/su_button]<\/p>\n","protected":false},"excerpt":{"rendered":"<p>Yungay, enero 2021: Considerando que el riesgo de incendios forestales en la comuna aumenta en los meses de verano, el Consejo Regional de \u00d1uble, a trav\u00e9s del Gobierno Regional, financi\u00f3 la compra de un&#46;&#46;&#46;<\/p>\n","protected":false},"author":2,"featured_media":23697,"comment_status":"closed","ping_status":"open","sticky":false,"template":"","format":"standard","meta":{"footnotes":""},"categories":[1],"tags":[],"class_list":["post-23696","post","type-post","status-publish","format-standard","has-post-thumbnail","hentry","category-noticias"],"_links":{"self":[{"href":"https:\/\/www.yungayino.cl\/noticias\/index.php?rest_route=\/wp\/v2\/posts\/23696","targetHints":{"allow":["GET"]}}],"collection":[{"href":"https:\/\/www.yungayino.cl\/noticias\/index.php?rest_route=\/wp\/v2\/posts"}],"about":[{"href":"https:\/\/www.yungayino.cl\/noticias\/index.php?rest_route=\/wp\/v2\/types\/post"}],"author":[{"embeddable":true,"href":"https:\/\/www.yungayino.cl\/noticias\/index.php?rest_route=\/wp\/v2\/users\/2"}],"replies":[{"embeddable":true,"href":"https:\/\/www.yungayino.cl\/noticias\/index.php?rest_route=%2Fwp%2Fv2%2Fcomments&post=23696"}],"version-history":[{"count":3,"href":"https:\/\/www.yungayino.cl\/noticias\/index.php?rest_route=\/wp\/v2\/posts\/23696\/revisions"}],"predecessor-version":[{"id":23703,"href":"https:\/\/www.yungayino.cl\/noticias\/index.php?rest_route=\/wp\/v2\/posts\/23696\/revisions\/23703"}],"wp:featuredmedia":[{"embeddable":true,"href":"https:\/\/www.yungayino.cl\/noticias\/index.php?rest_route=\/wp\/v2\/media\/23697"}],"wp:attachment":[{"href":"https:\/\/www.yungayino.cl\/noticias\/index.php?rest_route=%2Fwp%2Fv2%2Fmedia&parent=23696"}],"wp:term":[{"taxonomy":"category","embeddable":true,"href":"https:\/\/www.yungayino.cl\/noticias\/index.php?rest_route=%2Fwp%2Fv2%2Fcategories&post=23696"},{"taxonomy":"post_tag","embeddable":true,"href":"https:\/\/www.yungayino.cl\/noticias\/index.php?rest_route=%2Fwp%2Fv2%2Ftags&post=23696"}],"curies":[{"name":"wp","href":"https:\/\/api.w.org\/{rel}","templated":true}]}}