{"id":23704,"date":"2021-01-09T13:00:44","date_gmt":"2021-01-09T16:00:44","guid":{"rendered":"http:\/\/www.yungayino.cl\/noticias\/?p=23704"},"modified":"2021-01-09T13:42:41","modified_gmt":"2021-01-09T16:42:41","slug":"alejandro-becerra-de-yungay-obtuvo-primer-lugar-en-lanzamiento-del-libro-historicos-de-cobreloa-mi-historia-naranja","status":"publish","type":"post","link":"https:\/\/www.yungayino.cl\/noticias\/?p=23704","title":{"rendered":"Alejandro Becerra de Yungay Obtuvo Primer Lugar en Lanzamiento del Libro Hist\u00f3ricos de Cobreloa \u201cMi Historia Naranja\u201d"},"content":{"rendered":"<p><img loading=\"lazy\" decoding=\"async\" class=\"alignnone size-full wp-image-23706\" src=\"http:\/\/www.yungayino.cl\/noticias\/wp-content\/uploads\/2021\/01\/portada-1.jpg\" alt=\"\" width=\"700\" height=\"309\" srcset=\"https:\/\/www.yungayino.cl\/noticias\/wp-content\/uploads\/2021\/01\/portada-1.jpg 700w, https:\/\/www.yungayino.cl\/noticias\/wp-content\/uploads\/2021\/01\/portada-1-300x132.jpg 300w, https:\/\/www.yungayino.cl\/noticias\/wp-content\/uploads\/2021\/01\/portada-1-340x150.jpg 340w\" sizes=\"auto, (max-width: 700px) 100vw, 700px\" \/><\/p>\n<p style=\"text-align: justify;\">Enero 2021: En el d\u00eda del aniversario 44 de Cobreloa, se lanz\u00f3 este 7 de enero el libro \u201cMi Historia Naranja\u201d 2020, que recoge m\u00e1s de 40 relatos escritos por socias, socios y seguidores de Cobreloa en Chile y el mundo, a trav\u00e9s de un concurso literario convocado por el programa deportivo \u201cEn La L\u00ednea Deportes\u201d de Radio Fm Mundo de Calama.<\/p>\n<p style=\"text-align: justify;\">En la actividad realizada v\u00eda online participaron los ex jugadores naranjas H\u00e9ctor Puebla, \u00d3scar Wirth, Juan Covarrubias, Luis Fuentes y Jos\u00e9 Puente, entre otros, quienes compartieron sus sensaciones con los concursantes que participaron de esta in\u00e9dita obra literaria, e invitados especiales.<\/p>\n<p style=\"text-align: justify;\">Uno de los oradores de la jornada fue el \u201cLigua\u201d, quien expuso sus sentimientos sobre el libro que contiene un relato sobre su amigo, el hist\u00f3rico utilero, Luis Becerra Constanzo (Q.E.P.D.). \u201cTenemos con Alejandro (Becerra) una historia inmensa junto a su familia, y a su padre, que ya parti\u00f3 y que era un gran amigo. Muy contento que me hayan elegido para participar (con un pr\u00f3logo) en este libro\u201d, indic\u00f3.<\/p>\n<p style=\"text-align: justify;\">El <strong>primer lugar<\/strong> del concurso lo obtuvo <strong>Alejandro Becerra<\/strong> en representaci\u00f3n de la comuna de <strong>Yungay<\/strong> con su cuento titulado \u00ab<strong>La \u00faltima conversaci\u00f3n<\/strong>\u00ab, historia carga de emociones, quien detalla un emotivo di\u00e1logo con su fallecido progenitor. Becerra agradeci\u00f3 las palabras del ex capit\u00e1n naranja y seleccionado nacional. \u201cCrec\u00ed con Cobreloa, siempre he dicho que tengo la sangre naranja, y lo que soy ahora se lo debo a Cobreloa. Mi relato tambi\u00e9n tiene que ver con eso\u201d.<\/p>\n<p style=\"text-align: justify;\">El segundo lugar fue para Cristi\u00e1n Brito Villalobos (La Serena), con su relato \u201cQue suene la sirena\u201d. En tanto, el tercer lugar lo ocup\u00f3 Nelson Gaona Viveros (Calama), con \u201cLa noche m\u00e1s triste\u201d.<\/p>\n<p style=\"text-align: justify;\">El jurado del concurso estuvo integrado por la historiadora del \u00e1rea de Museos y Patrimonio, Gabriela Sotomayor; la escritora y gestora cultural, Shenda Pe\u00f1a; y el relator de f\u00fatbol y autor de la biograf\u00eda de Hern\u00e1n \u201cClavito\u201d Godoy\u201d, \u00c1ngelo Correa.<\/p>\n<p style=\"text-align: justify;\"><strong><u>Fin solidario<\/u><\/strong><\/p>\n<p style=\"text-align: justify;\">Aparte de ser un aporte cultural para la ciudad, la obra tambi\u00e9n tendr\u00e1 un fin solidario. De hecho, todo lo que se recaude ir\u00e1 para apoyar a la joven calame\u00f1a e hincha naranja, Martina S\u00e1nchez Torrico, quien sigue en tratamiento tras ser sometida a un trasplante de m\u00e9dula \u00f3sea en una cl\u00ednica de la capital.<\/p>\n<p style=\"text-align: justify;\">Al respecto, opin\u00f3 el ex meta minero, \u00d3scar Wirth, que relev\u00f3 el prop\u00f3sito humanitario que busca tambi\u00e9n la venta del libro. \u201cCuando se quiere comercializar de la mejor manera posible el libro, y ayudar a esta familia; eso es Cobreloa, eso lo refleja en cuerpo entero\u201d, destac\u00f3.<\/p>\n<p style=\"text-align: justify;\">El libro de 130 p\u00e1ginas comenz\u00f3 su proceso de pre-venta. El valor es de $10.000 y el pago se puede hacer directamente en la Cuenta Corriente 12100060558 del Banco Falabella a nombre de Alejandra Torrico Gamboa. El comprobante del dep\u00f3sito se debe enviar a hmarambi@enlalinea.cl<\/p>\n<p>&nbsp;<\/p>\n<p style=\"text-align: justify;\">[su_button url=\u00bbhttps:\/\/web.facebook.com\/media\/set\/?vanity=yungayino.cl&amp;set=a.4136695839678757&#8243; target=\u00bbblank\u00bb size=\u00bb7&#8243; radius=\u00bbround\u00bb icon=\u00bbicon: facebook-square\u00bb]FOTOGRAF\u00cdAS &#8211; Alejandro Becerra de Yungay Obtuvo Primer Lugar en Lanzamiento del Libro Hist\u00f3ricos de Cobreloa \u201cMi Historia Naranja\u201d[\/su_button]<\/p>\n","protected":false},"excerpt":{"rendered":"<p>Enero 2021: En el d\u00eda del aniversario 44 de Cobreloa, se lanz\u00f3 este 7 de enero el libro \u201cMi Historia Naranja\u201d 2020, que recoge m\u00e1s de 40 relatos escritos por socias, socios y seguidores&#46;&#46;&#46;<\/p>\n","protected":false},"author":2,"featured_media":23706,"comment_status":"closed","ping_status":"open","sticky":false,"template":"","format":"standard","meta":{"footnotes":""},"categories":[1],"tags":[2420,2419,2421,1115,8,6,117],"class_list":["post-23704","post","type-post","status-publish","format-standard","has-post-thumbnail","hentry","category-noticias","tag-alejandro-becerra","tag-cobreloa","tag-mi-historia-naranja","tag-noticias","tag-yungay","tag-yungayino","tag-yungayinocl"],"_links":{"self":[{"href":"https:\/\/www.yungayino.cl\/noticias\/index.php?rest_route=\/wp\/v2\/posts\/23704","targetHints":{"allow":["GET"]}}],"collection":[{"href":"https:\/\/www.yungayino.cl\/noticias\/index.php?rest_route=\/wp\/v2\/posts"}],"about":[{"href":"https:\/\/www.yungayino.cl\/noticias\/index.php?rest_route=\/wp\/v2\/types\/post"}],"author":[{"embeddable":true,"href":"https:\/\/www.yungayino.cl\/noticias\/index.php?rest_route=\/wp\/v2\/users\/2"}],"replies":[{"embeddable":true,"href":"https:\/\/www.yungayino.cl\/noticias\/index.php?rest_route=%2Fwp%2Fv2%2Fcomments&post=23704"}],"version-history":[{"count":5,"href":"https:\/\/www.yungayino.cl\/noticias\/index.php?rest_route=\/wp\/v2\/posts\/23704\/revisions"}],"predecessor-version":[{"id":23710,"href":"https:\/\/www.yungayino.cl\/noticias\/index.php?rest_route=\/wp\/v2\/posts\/23704\/revisions\/23710"}],"wp:featuredmedia":[{"embeddable":true,"href":"https:\/\/www.yungayino.cl\/noticias\/index.php?rest_route=\/wp\/v2\/media\/23706"}],"wp:attachment":[{"href":"https:\/\/www.yungayino.cl\/noticias\/index.php?rest_route=%2Fwp%2Fv2%2Fmedia&parent=23704"}],"wp:term":[{"taxonomy":"category","embeddable":true,"href":"https:\/\/www.yungayino.cl\/noticias\/index.php?rest_route=%2Fwp%2Fv2%2Fcategories&post=23704"},{"taxonomy":"post_tag","embeddable":true,"href":"https:\/\/www.yungayino.cl\/noticias\/index.php?rest_route=%2Fwp%2Fv2%2Ftags&post=23704"}],"curies":[{"name":"wp","href":"https:\/\/api.w.org\/{rel}","templated":true}]}}