{"id":23722,"date":"2021-01-15T10:00:24","date_gmt":"2021-01-15T13:00:24","guid":{"rendered":"http:\/\/www.yungayino.cl\/noticias\/?p=23722"},"modified":"2021-01-15T14:10:58","modified_gmt":"2021-01-15T17:10:58","slug":"edgardo-rodriguez-asume-como-seremi-del-deporte-de-la-region-de-nuble","status":"publish","type":"post","link":"https:\/\/www.yungayino.cl\/noticias\/?p=23722","title":{"rendered":"Edgardo Rodr\u00edguez Asume Como Seremi del Deporte de la Regi\u00f3n de \u00d1uble"},"content":{"rendered":"<p><img loading=\"lazy\" decoding=\"async\" class=\"alignnone size-full wp-image-23723\" src=\"http:\/\/www.yungayino.cl\/noticias\/wp-content\/uploads\/2021\/01\/Edgardo-Rodriguez-con-Intendente-Cristobal-Jardua.jpg\" alt=\"\" width=\"700\" height=\"350\" srcset=\"https:\/\/www.yungayino.cl\/noticias\/wp-content\/uploads\/2021\/01\/Edgardo-Rodriguez-con-Intendente-Cristobal-Jardua.jpg 700w, https:\/\/www.yungayino.cl\/noticias\/wp-content\/uploads\/2021\/01\/Edgardo-Rodriguez-con-Intendente-Cristobal-Jardua-300x150.jpg 300w\" sizes=\"auto, (max-width: 700px) 100vw, 700px\" \/><\/p>\n<p style=\"text-align: justify;\">\u00d1uble, enero 2021: El Ministerio del Deporte informa que ayer jueves 14 de enero ha presentado su renuncia la Secretaria Regional Ministerial del Deporte de la Regi\u00f3n de \u00d1uble, Javiera Constanza Mu\u00f1oz Carrasco.<\/p>\n<p style=\"text-align: justify;\">La renuncia se debe a nuevos desaf\u00edos personales y profesionales.<\/p>\n<p style=\"text-align: justify;\">En su reemplazo asume como Seremi del Deporte de la Regi\u00f3n de \u00d1uble, Edgardo Rodr\u00edguez Hizmeri. La nueva autoridad regional, que asumir\u00e1 sus funciones a partir de hoy viernes 15 de enero, es kinesi\u00f3logo, mag\u00edster en kinesiolog\u00eda gerontol\u00f3gica y geri\u00e1trica. Previo a su nombramiento se desempe\u00f1aba como Encargado de Planificaci\u00f3n, Proyectos y Adultos Mayores de la Gobernaci\u00f3n Provincial de Itata.<\/p>\n<p style=\"text-align: justify;\">El Ministerio del Deporte e Intendencia de \u00d1uble, agradecen el trabajo de Javiera Mu\u00f1oz, su gran gesti\u00f3n, enorme apoyo a los deportistas y por sobre todo su compromiso con el desarrollo del deporte en nuestro pa\u00eds.<\/p>\n","protected":false},"excerpt":{"rendered":"<p>\u00d1uble, enero 2021: El Ministerio del Deporte informa que ayer jueves 14 de enero ha presentado su renuncia la Secretaria Regional Ministerial del Deporte de la Regi\u00f3n de \u00d1uble, Javiera Constanza Mu\u00f1oz Carrasco. La&#46;&#46;&#46;<\/p>\n","protected":false},"author":2,"featured_media":23723,"comment_status":"closed","ping_status":"open","sticky":false,"template":"","format":"standard","meta":{"footnotes":""},"categories":[3,17,1],"tags":[1120,1115,8,6,117],"class_list":["post-23722","post","type-post","status-publish","format-standard","has-post-thumbnail","hentry","category-actualidad","category-deporte","category-noticias","tag-deporte","tag-noticias","tag-yungay","tag-yungayino","tag-yungayinocl"],"_links":{"self":[{"href":"https:\/\/www.yungayino.cl\/noticias\/index.php?rest_route=\/wp\/v2\/posts\/23722","targetHints":{"allow":["GET"]}}],"collection":[{"href":"https:\/\/www.yungayino.cl\/noticias\/index.php?rest_route=\/wp\/v2\/posts"}],"about":[{"href":"https:\/\/www.yungayino.cl\/noticias\/index.php?rest_route=\/wp\/v2\/types\/post"}],"author":[{"embeddable":true,"href":"https:\/\/www.yungayino.cl\/noticias\/index.php?rest_route=\/wp\/v2\/users\/2"}],"replies":[{"embeddable":true,"href":"https:\/\/www.yungayino.cl\/noticias\/index.php?rest_route=%2Fwp%2Fv2%2Fcomments&post=23722"}],"version-history":[{"count":1,"href":"https:\/\/www.yungayino.cl\/noticias\/index.php?rest_route=\/wp\/v2\/posts\/23722\/revisions"}],"predecessor-version":[{"id":23724,"href":"https:\/\/www.yungayino.cl\/noticias\/index.php?rest_route=\/wp\/v2\/posts\/23722\/revisions\/23724"}],"wp:featuredmedia":[{"embeddable":true,"href":"https:\/\/www.yungayino.cl\/noticias\/index.php?rest_route=\/wp\/v2\/media\/23723"}],"wp:attachment":[{"href":"https:\/\/www.yungayino.cl\/noticias\/index.php?rest_route=%2Fwp%2Fv2%2Fmedia&parent=23722"}],"wp:term":[{"taxonomy":"category","embeddable":true,"href":"https:\/\/www.yungayino.cl\/noticias\/index.php?rest_route=%2Fwp%2Fv2%2Fcategories&post=23722"},{"taxonomy":"post_tag","embeddable":true,"href":"https:\/\/www.yungayino.cl\/noticias\/index.php?rest_route=%2Fwp%2Fv2%2Ftags&post=23722"}],"curies":[{"name":"wp","href":"https:\/\/api.w.org\/{rel}","templated":true}]}}