{"id":23756,"date":"2021-01-19T18:00:05","date_gmt":"2021-01-19T21:00:05","guid":{"rendered":"http:\/\/www.yungayino.cl\/noticias\/?p=23756"},"modified":"2021-01-19T18:24:10","modified_gmt":"2021-01-19T21:24:10","slug":"yungay-comenzo-con-proceso-de-vacunacion-contra-el-covid-19","status":"publish","type":"post","link":"https:\/\/www.yungayino.cl\/noticias\/?p=23756","title":{"rendered":"Yungay Comenz\u00f3 con Proceso de Vacunaci\u00f3n Contra el COVID-19"},"content":{"rendered":"<p><img loading=\"lazy\" decoding=\"async\" class=\"alignnone size-full wp-image-23757\" src=\"http:\/\/www.yungayino.cl\/noticias\/wp-content\/uploads\/2021\/01\/portada-2.jpg\" alt=\"\" width=\"700\" height=\"350\" srcset=\"https:\/\/www.yungayino.cl\/noticias\/wp-content\/uploads\/2021\/01\/portada-2.jpg 700w, https:\/\/www.yungayino.cl\/noticias\/wp-content\/uploads\/2021\/01\/portada-2-300x150.jpg 300w\" sizes=\"auto, (max-width: 700px) 100vw, 700px\" \/><\/p>\n<p style=\"text-align: justify;\">Yungay, enero 2021: Este lunes y martes, nuestra comuna comenz\u00f3 con el proceso de vacunaci\u00f3n contra el COVID-19.<\/p>\n<p style=\"text-align: justify;\">Los primeros en ser parte de este procedimiento fueron los funcionarios de salud del Hospital Pedro Morales Campos y, posteriormente, funcionarios de salud del CESFAM Campanario quienes, de forma voluntaria accedieron a recibir la primera dosis de la vacuna Pfizer.<\/p>\n<p style=\"text-align: justify;\">Rodolfo San Mart\u00edn, jefe del Departamento de Salud de la Municipalidad de Yungay, se refiri\u00f3 al proceso de vacunaci\u00f3n de forma positiva, afirmando que \u201clos voluntarios inoculados no han presentado complicaciones ni reacciones adversas\u201d.<\/p>\n<p style=\"text-align: justify;\">\u201cHemos tenido buena acogida con los funcionarios, quienes son la primera l\u00ednea de batalla contra el COVID-19. Esto no significa que bajaremos los brazos, esperamos que la comunidad se siga cuidando y refuerce la empat\u00eda hacia los funcionarios de salud de la comuna\u201d fueron las palabras de la primera autoridad comunal, Rafael Cifuentes Rodr\u00edguez.<\/p>\n<p style=\"text-align: justify;\">La segunda dosis de este proceso de vacunaci\u00f3n ser\u00e1 suministrada en 21 d\u00edas m\u00e1s, cumpliendo a la vez con los protocolos exigidos por el laboratorio Pfizer.<\/p>\n<p>&nbsp;<\/p>\n<p style=\"text-align: justify;\">[su_button url=\u00bbhttps:\/\/web.facebook.com\/media\/set\/?vanity=yungayino.cl&amp;set=a.4164952723519735&#8243; target=\u00bbblank\u00bb size=\u00bb7&#8243; radius=\u00bbround\u00bb icon=\u00bbicon: facebook-square\u00bb]FOTOGRAF\u00cdAS &#8211; Yungay Comenz\u00f3 con Proceso de Vacunaci\u00f3n Contra el COVID-19[\/su_button]<\/p>\n","protected":false},"excerpt":{"rendered":"<p>Yungay, enero 2021: Este lunes y martes, nuestra comuna comenz\u00f3 con el proceso de vacunaci\u00f3n contra el COVID-19. Los primeros en ser parte de este procedimiento fueron los funcionarios de salud del Hospital Pedro&#46;&#46;&#46;<\/p>\n","protected":false},"author":2,"featured_media":23757,"comment_status":"closed","ping_status":"open","sticky":false,"template":"","format":"standard","meta":{"footnotes":""},"categories":[3,1,1675],"tags":[2183,1115,65,2426,8,6,117],"class_list":["post-23756","post","type-post","status-publish","format-standard","has-post-thumbnail","hentry","category-actualidad","category-noticias","category-saludc","tag-covid-19","tag-noticias","tag-salud","tag-vacuna","tag-yungay","tag-yungayino","tag-yungayinocl"],"_links":{"self":[{"href":"https:\/\/www.yungayino.cl\/noticias\/index.php?rest_route=\/wp\/v2\/posts\/23756","targetHints":{"allow":["GET"]}}],"collection":[{"href":"https:\/\/www.yungayino.cl\/noticias\/index.php?rest_route=\/wp\/v2\/posts"}],"about":[{"href":"https:\/\/www.yungayino.cl\/noticias\/index.php?rest_route=\/wp\/v2\/types\/post"}],"author":[{"embeddable":true,"href":"https:\/\/www.yungayino.cl\/noticias\/index.php?rest_route=\/wp\/v2\/users\/2"}],"replies":[{"embeddable":true,"href":"https:\/\/www.yungayino.cl\/noticias\/index.php?rest_route=%2Fwp%2Fv2%2Fcomments&post=23756"}],"version-history":[{"count":3,"href":"https:\/\/www.yungayino.cl\/noticias\/index.php?rest_route=\/wp\/v2\/posts\/23756\/revisions"}],"predecessor-version":[{"id":23760,"href":"https:\/\/www.yungayino.cl\/noticias\/index.php?rest_route=\/wp\/v2\/posts\/23756\/revisions\/23760"}],"wp:featuredmedia":[{"embeddable":true,"href":"https:\/\/www.yungayino.cl\/noticias\/index.php?rest_route=\/wp\/v2\/media\/23757"}],"wp:attachment":[{"href":"https:\/\/www.yungayino.cl\/noticias\/index.php?rest_route=%2Fwp%2Fv2%2Fmedia&parent=23756"}],"wp:term":[{"taxonomy":"category","embeddable":true,"href":"https:\/\/www.yungayino.cl\/noticias\/index.php?rest_route=%2Fwp%2Fv2%2Fcategories&post=23756"},{"taxonomy":"post_tag","embeddable":true,"href":"https:\/\/www.yungayino.cl\/noticias\/index.php?rest_route=%2Fwp%2Fv2%2Ftags&post=23756"}],"curies":[{"name":"wp","href":"https:\/\/api.w.org\/{rel}","templated":true}]}}