{"id":23761,"date":"2021-01-20T14:00:13","date_gmt":"2021-01-20T17:00:13","guid":{"rendered":"http:\/\/www.yungayino.cl\/noticias\/?p=23761"},"modified":"2021-01-20T14:22:05","modified_gmt":"2021-01-20T17:22:05","slug":"yungay-celebra-179-anos-de-historia","status":"publish","type":"post","link":"https:\/\/www.yungayino.cl\/noticias\/?p=23761","title":{"rendered":"Yungay Celebra 179 A\u00f1os de Historia"},"content":{"rendered":"<p><img loading=\"lazy\" decoding=\"async\" class=\"alignnone size-full wp-image-23762\" src=\"http:\/\/www.yungayino.cl\/noticias\/wp-content\/uploads\/2021\/01\/PORTADA-3.jpg\" alt=\"\" width=\"700\" height=\"412\" srcset=\"https:\/\/www.yungayino.cl\/noticias\/wp-content\/uploads\/2021\/01\/PORTADA-3.jpg 700w, https:\/\/www.yungayino.cl\/noticias\/wp-content\/uploads\/2021\/01\/PORTADA-3-300x177.jpg 300w, https:\/\/www.yungayino.cl\/noticias\/wp-content\/uploads\/2021\/01\/PORTADA-3-255x150.jpg 255w\" sizes=\"auto, (max-width: 700px) 100vw, 700px\" \/><\/p>\n<p style=\"text-align: justify;\">Yungay, 20 de enero 2021: Nuestra comuna celebra 179 a\u00f1os de historia, conectando costumbres, culturas y conservando el patrimonio local, donde adem\u00e1s la historia se\u00f1ala que el a\u00f1o 1842 el General Fernando Baquedano, decide fundar Yungay, que en lengua quechua significa \u201cMi Valle Templado\u201d.<\/p>\n<p style=\"text-align: justify;\">Por motivos de la pandemia que afecta a todo el mundo la I. Municipalidad de Yungay de igual manera ha organizado distintas actividades, que ser\u00e1n realizadas y difundidas a trav\u00e9s de las redes sociales oficiales de la Municipalidad de Yungay.<\/p>\n<p style=\"text-align: justify;\">Es por eso que hoy a las 11:00 hora se realiz\u00f3 una Misa en la Plaza y que estuvo encabezada por el Obispo de Chill\u00e1n, Monse\u00f1or Sergio P\u00e9rez de Arce y el P\u00e1rroco, Padre Boanerges Correa, a quien en la ocasi\u00f3n el alcalde Rafael Cifuentes hizo entrega de un reconocimiento por sus 10 a\u00f1os de sacerdocio.<\/p>\n<p style=\"text-align: justify;\">Terminada la misa el alcalde acompa\u00f1ado de representantes del Concejo Municipal y autoridades presentes se trasladaron a dejar una ofrenda floral al fundador de Yungay el General Fernando Baquedano.<\/p>\n<p>&nbsp;<\/p>\n<p style=\"text-align: justify;\">[su_button url=\u00bbhttps:\/\/web.facebook.com\/media\/set\/?vanity=yungayino.cl&amp;set=a.4167117579969916&#8243; target=\u00bbblank\u00bb size=\u00bb7&#8243; radius=\u00bbround\u00bb icon=\u00bbicon: facebook-square\u00bb]FOTOGRAF\u00cdAS &#8211; Yungay Celebra 179 A\u00f1os de Historia[\/su_button]<\/p>\n","protected":false},"excerpt":{"rendered":"<p>Yungay, 20 de enero 2021: Nuestra comuna celebra 179 a\u00f1os de historia, conectando costumbres, culturas y conservando el patrimonio local, donde adem\u00e1s la historia se\u00f1ala que el a\u00f1o 1842 el General Fernando Baquedano, decide&#46;&#46;&#46;<\/p>\n","protected":false},"author":2,"featured_media":23762,"comment_status":"closed","ping_status":"open","sticky":false,"template":"","format":"standard","meta":{"footnotes":""},"categories":[3,5,1,15],"tags":[2427,1115,8,6,117],"class_list":["post-23761","post","type-post","status-publish","format-standard","has-post-thumbnail","hentry","category-actualidad","category-eventos","category-noticias","category-turismo","tag-aniversario-179-anos","tag-noticias","tag-yungay","tag-yungayino","tag-yungayinocl"],"_links":{"self":[{"href":"https:\/\/www.yungayino.cl\/noticias\/index.php?rest_route=\/wp\/v2\/posts\/23761","targetHints":{"allow":["GET"]}}],"collection":[{"href":"https:\/\/www.yungayino.cl\/noticias\/index.php?rest_route=\/wp\/v2\/posts"}],"about":[{"href":"https:\/\/www.yungayino.cl\/noticias\/index.php?rest_route=\/wp\/v2\/types\/post"}],"author":[{"embeddable":true,"href":"https:\/\/www.yungayino.cl\/noticias\/index.php?rest_route=\/wp\/v2\/users\/2"}],"replies":[{"embeddable":true,"href":"https:\/\/www.yungayino.cl\/noticias\/index.php?rest_route=%2Fwp%2Fv2%2Fcomments&post=23761"}],"version-history":[{"count":4,"href":"https:\/\/www.yungayino.cl\/noticias\/index.php?rest_route=\/wp\/v2\/posts\/23761\/revisions"}],"predecessor-version":[{"id":23766,"href":"https:\/\/www.yungayino.cl\/noticias\/index.php?rest_route=\/wp\/v2\/posts\/23761\/revisions\/23766"}],"wp:featuredmedia":[{"embeddable":true,"href":"https:\/\/www.yungayino.cl\/noticias\/index.php?rest_route=\/wp\/v2\/media\/23762"}],"wp:attachment":[{"href":"https:\/\/www.yungayino.cl\/noticias\/index.php?rest_route=%2Fwp%2Fv2%2Fmedia&parent=23761"}],"wp:term":[{"taxonomy":"category","embeddable":true,"href":"https:\/\/www.yungayino.cl\/noticias\/index.php?rest_route=%2Fwp%2Fv2%2Fcategories&post=23761"},{"taxonomy":"post_tag","embeddable":true,"href":"https:\/\/www.yungayino.cl\/noticias\/index.php?rest_route=%2Fwp%2Fv2%2Ftags&post=23761"}],"curies":[{"name":"wp","href":"https:\/\/api.w.org\/{rel}","templated":true}]}}