{"id":23851,"date":"2021-02-07T07:00:25","date_gmt":"2021-02-07T10:00:25","guid":{"rendered":"http:\/\/www.yungayino.cl\/noticias\/?p=23851"},"modified":"2021-02-07T23:37:16","modified_gmt":"2021-02-08T02:37:16","slug":"director-regional-de-sence-nuble-participo-de-importante-reunion-en-yungay","status":"publish","type":"post","link":"https:\/\/www.yungayino.cl\/noticias\/?p=23851","title":{"rendered":"Director Regional de Sence \u00d1uble Particip\u00f3 de Importante Reuni\u00f3n en Yungay"},"content":{"rendered":"<p><img loading=\"lazy\" decoding=\"async\" class=\"alignnone size-full wp-image-23852\" src=\"http:\/\/www.yungayino.cl\/noticias\/wp-content\/uploads\/2021\/02\/2.jpg\" alt=\"\" width=\"700\" height=\"351\" srcset=\"https:\/\/www.yungayino.cl\/noticias\/wp-content\/uploads\/2021\/02\/2.jpg 700w, https:\/\/www.yungayino.cl\/noticias\/wp-content\/uploads\/2021\/02\/2-300x150.jpg 300w, https:\/\/www.yungayino.cl\/noticias\/wp-content\/uploads\/2021\/02\/2-299x150.jpg 299w\" sizes=\"auto, (max-width: 700px) 100vw, 700px\" \/><\/p>\n<p style=\"text-align: justify;\">Yungay, febrero 2021: Alcalde Rafael Cifuentes Rodr\u00edguez, junto al equipo OMIL de Yungay, dependiente de la Direcci\u00f3n de Desarrollo Local y Sustentabilidad, se re\u00fane con el Director Regional de SENCE \u00d1uble, Rodolfo Zaror Zaror, para seguir fortaleciendo el trabajo conjunto y el apoyo en capacitaciones, iniciativas para b\u00fasqueda de empleo y subsidio al trabajo.<\/p>\n<p style=\"text-align: justify;\">\u201cAgradezco la visita del Director Regional de SENCE ya que permite seguir fortaleciendo el v\u00ednculo entre ambas instituciones y continuar mejorando nuestro apoyo en la b\u00fasqueda de mejor empleabilidad para la comunidad Yungayina\u201d Manifest\u00f3 el alcalde Rafael Cifuentes Rodr\u00edguez.<\/p>\n","protected":false},"excerpt":{"rendered":"<p>Yungay, febrero 2021: Alcalde Rafael Cifuentes Rodr\u00edguez, junto al equipo OMIL de Yungay, dependiente de la Direcci\u00f3n de Desarrollo Local y Sustentabilidad, se re\u00fane con el Director Regional de SENCE \u00d1uble, Rodolfo Zaror Zaror,&#46;&#46;&#46;<\/p>\n","protected":false},"author":2,"featured_media":23852,"comment_status":"closed","ping_status":"open","sticky":false,"template":"","format":"standard","meta":{"footnotes":""},"categories":[1],"tags":[1115,1678,1602,8,6,117],"class_list":["post-23851","post","type-post","status-publish","format-standard","has-post-thumbnail","hentry","category-noticias","tag-noticias","tag-nuble","tag-sence","tag-yungay","tag-yungayino","tag-yungayinocl"],"_links":{"self":[{"href":"https:\/\/www.yungayino.cl\/noticias\/index.php?rest_route=\/wp\/v2\/posts\/23851","targetHints":{"allow":["GET"]}}],"collection":[{"href":"https:\/\/www.yungayino.cl\/noticias\/index.php?rest_route=\/wp\/v2\/posts"}],"about":[{"href":"https:\/\/www.yungayino.cl\/noticias\/index.php?rest_route=\/wp\/v2\/types\/post"}],"author":[{"embeddable":true,"href":"https:\/\/www.yungayino.cl\/noticias\/index.php?rest_route=\/wp\/v2\/users\/2"}],"replies":[{"embeddable":true,"href":"https:\/\/www.yungayino.cl\/noticias\/index.php?rest_route=%2Fwp%2Fv2%2Fcomments&post=23851"}],"version-history":[{"count":1,"href":"https:\/\/www.yungayino.cl\/noticias\/index.php?rest_route=\/wp\/v2\/posts\/23851\/revisions"}],"predecessor-version":[{"id":23853,"href":"https:\/\/www.yungayino.cl\/noticias\/index.php?rest_route=\/wp\/v2\/posts\/23851\/revisions\/23853"}],"wp:featuredmedia":[{"embeddable":true,"href":"https:\/\/www.yungayino.cl\/noticias\/index.php?rest_route=\/wp\/v2\/media\/23852"}],"wp:attachment":[{"href":"https:\/\/www.yungayino.cl\/noticias\/index.php?rest_route=%2Fwp%2Fv2%2Fmedia&parent=23851"}],"wp:term":[{"taxonomy":"category","embeddable":true,"href":"https:\/\/www.yungayino.cl\/noticias\/index.php?rest_route=%2Fwp%2Fv2%2Fcategories&post=23851"},{"taxonomy":"post_tag","embeddable":true,"href":"https:\/\/www.yungayino.cl\/noticias\/index.php?rest_route=%2Fwp%2Fv2%2Ftags&post=23851"}],"curies":[{"name":"wp","href":"https:\/\/api.w.org\/{rel}","templated":true}]}}