{"id":23857,"date":"2021-02-08T07:00:13","date_gmt":"2021-02-08T10:00:13","guid":{"rendered":"http:\/\/www.yungayino.cl\/noticias\/?p=23857"},"modified":"2021-02-07T23:41:03","modified_gmt":"2021-02-08T02:41:03","slug":"nuble-invitan-a-participar-en-la-ejecucion-del-fondo-para-la-educacion-previsional-2021","status":"publish","type":"post","link":"https:\/\/www.yungayino.cl\/noticias\/?p=23857","title":{"rendered":"\u00d1uble: Invitan a Participar en la Ejecuci\u00f3n del Fondo Para la Educaci\u00f3n Previsional 2021"},"content":{"rendered":"<p><img loading=\"lazy\" decoding=\"async\" class=\"alignnone size-full wp-image-23858\" src=\"http:\/\/www.yungayino.cl\/noticias\/wp-content\/uploads\/2021\/02\/2-1.jpg\" alt=\"\" width=\"700\" height=\"333\" srcset=\"https:\/\/www.yungayino.cl\/noticias\/wp-content\/uploads\/2021\/02\/2-1.jpg 700w, https:\/\/www.yungayino.cl\/noticias\/wp-content\/uploads\/2021\/02\/2-1-300x143.jpg 300w, https:\/\/www.yungayino.cl\/noticias\/wp-content\/uploads\/2021\/02\/2-1-315x150.jpg 315w\" sizes=\"auto, (max-width: 700px) 100vw, 700px\" \/><\/p>\n<p style=\"text-align: justify;\">\u00d1uble, febrero 2021: A participar en la ejecuci\u00f3n del Fondo para la Educaci\u00f3n Previsional (FEP) 2021 invitaron desde la Secretar\u00eda Regional Ministerial del Trabajo y Previsi\u00f3n Social de \u00d1uble. El proyecto, que va en su XVI versi\u00f3n, busca entregar herramientas did\u00e1cticas, dirigidas a distintos p\u00fablicos, para conocer en detalle el funcionamiento de la seguridad social chilena.<\/p>\n<p style=\"text-align: justify;\">Desde el pr\u00f3ximo 12 de febrero, en el sitio web <strong><a href=\"https:\/\/www.previsionsocial.gob.cl\/sps\/\">www.previsionsocial.gob.cl<\/a><\/strong> -donde ya est\u00e1 toda la informaci\u00f3n y las bases respectivas-, las organizaciones, y personas naturales interesadas, podr\u00e1n enviar sus postulaciones. Producto de la pandemia, al igual que el a\u00f1o pasado, se espera que los programas realizados reduzcan al m\u00ednimo las actividades presenciales y act\u00faen en torno al \u00e1mbito de difusi\u00f3n a trav\u00e9s de plataformas tecnol\u00f3gicas y medios de comunicaci\u00f3n.<\/p>\n<p style=\"text-align: justify;\">\u201cPara nuestra Subsecretar\u00eda de Previsi\u00f3n Social este es un fondo muy importante, puesto que abarca un tema preponderante en la vida de los trabajadores y pensionados del pa\u00eds. En la medida en que el sistema previsional se conozca de mejor forma, los cotizantes estar\u00e1n m\u00e1s empoderados y podr\u00e1n tomar mejores decisiones\u201d, indic\u00f3 el seremi (s), Edmundo Novoa.<\/p>\n<p style=\"text-align: justify;\">Asimismo, Novoa explic\u00f3 que el concurso \u201cbusca que, finalmente, la informaci\u00f3n llegue a un p\u00fablico que va desde los j\u00f3venes mayores de 18 a\u00f1os hasta personas que est\u00e1n cerca de jubilar, pasando tambi\u00e9n por los trabajadores independientes\u201d.<\/p>\n<p style=\"text-align: justify;\">Seg\u00fan inform\u00f3 la Subsecretar\u00eda de Previsi\u00f3n Social, entre 2009 y 2021 se han efectuado 16 llamados a concursos p\u00fablicos, incluyendo el actual. De este total, se han materializado 12 de ellos. En dicho per\u00edodo el FEP ha financiado 405 proyectos de educaci\u00f3n previsional.<\/p>\n<p style=\"text-align: justify;\">La inversi\u00f3n p\u00fablica, a nivel nacional, para la ejecuci\u00f3n FEP de este a\u00f1o totaliza $1.685 millones que ser\u00e1n distribuidos entre los proyectos ganadores.<\/p>\n","protected":false},"excerpt":{"rendered":"<p>\u00d1uble, febrero 2021: A participar en la ejecuci\u00f3n del Fondo para la Educaci\u00f3n Previsional (FEP) 2021 invitaron desde la Secretar\u00eda Regional Ministerial del Trabajo y Previsi\u00f3n Social de \u00d1uble. El proyecto, que va en&#46;&#46;&#46;<\/p>\n","protected":false},"author":2,"featured_media":23858,"comment_status":"closed","ping_status":"open","sticky":false,"template":"","format":"standard","meta":{"footnotes":""},"categories":[1],"tags":[1115,8,6,117],"class_list":["post-23857","post","type-post","status-publish","format-standard","has-post-thumbnail","hentry","category-noticias","tag-noticias","tag-yungay","tag-yungayino","tag-yungayinocl"],"_links":{"self":[{"href":"https:\/\/www.yungayino.cl\/noticias\/index.php?rest_route=\/wp\/v2\/posts\/23857","targetHints":{"allow":["GET"]}}],"collection":[{"href":"https:\/\/www.yungayino.cl\/noticias\/index.php?rest_route=\/wp\/v2\/posts"}],"about":[{"href":"https:\/\/www.yungayino.cl\/noticias\/index.php?rest_route=\/wp\/v2\/types\/post"}],"author":[{"embeddable":true,"href":"https:\/\/www.yungayino.cl\/noticias\/index.php?rest_route=\/wp\/v2\/users\/2"}],"replies":[{"embeddable":true,"href":"https:\/\/www.yungayino.cl\/noticias\/index.php?rest_route=%2Fwp%2Fv2%2Fcomments&post=23857"}],"version-history":[{"count":1,"href":"https:\/\/www.yungayino.cl\/noticias\/index.php?rest_route=\/wp\/v2\/posts\/23857\/revisions"}],"predecessor-version":[{"id":23859,"href":"https:\/\/www.yungayino.cl\/noticias\/index.php?rest_route=\/wp\/v2\/posts\/23857\/revisions\/23859"}],"wp:featuredmedia":[{"embeddable":true,"href":"https:\/\/www.yungayino.cl\/noticias\/index.php?rest_route=\/wp\/v2\/media\/23858"}],"wp:attachment":[{"href":"https:\/\/www.yungayino.cl\/noticias\/index.php?rest_route=%2Fwp%2Fv2%2Fmedia&parent=23857"}],"wp:term":[{"taxonomy":"category","embeddable":true,"href":"https:\/\/www.yungayino.cl\/noticias\/index.php?rest_route=%2Fwp%2Fv2%2Fcategories&post=23857"},{"taxonomy":"post_tag","embeddable":true,"href":"https:\/\/www.yungayino.cl\/noticias\/index.php?rest_route=%2Fwp%2Fv2%2Ftags&post=23857"}],"curies":[{"name":"wp","href":"https:\/\/api.w.org\/{rel}","templated":true}]}}