{"id":23871,"date":"2021-02-10T07:00:21","date_gmt":"2021-02-10T10:00:21","guid":{"rendered":"http:\/\/www.yungayino.cl\/noticias\/?p=23871"},"modified":"2021-02-11T13:47:26","modified_gmt":"2021-02-11T16:47:26","slug":"vecinos-se-certifican-en-conciencia-turistica-en-el-salto-del-itata","status":"publish","type":"post","link":"https:\/\/www.yungayino.cl\/noticias\/?p=23871","title":{"rendered":"Vecinos se Certifican en Conciencia Tur\u00edstica en el Salto del Itata"},"content":{"rendered":"<p><img loading=\"lazy\" decoding=\"async\" class=\"alignnone size-full wp-image-23872\" src=\"http:\/\/www.yungayino.cl\/noticias\/wp-content\/uploads\/2021\/02\/2-2.jpg\" alt=\"\" width=\"2048\" height=\"1365\" srcset=\"https:\/\/www.yungayino.cl\/noticias\/wp-content\/uploads\/2021\/02\/2-2.jpg 2048w, https:\/\/www.yungayino.cl\/noticias\/wp-content\/uploads\/2021\/02\/2-2-300x200.jpg 300w, https:\/\/www.yungayino.cl\/noticias\/wp-content\/uploads\/2021\/02\/2-2-1024x683.jpg 1024w, https:\/\/www.yungayino.cl\/noticias\/wp-content\/uploads\/2021\/02\/2-2-225x150.jpg 225w, https:\/\/www.yungayino.cl\/noticias\/wp-content\/uploads\/2021\/02\/2-2-1536x1024.jpg 1536w\" sizes=\"auto, (max-width: 2048px) 100vw, 2048px\" \/><\/p>\n<p style=\"text-align: justify;\">Yungay, febrero 2021: Con una vista privilegiada, los vecinos que trabajan en el Parque Mirador Salto del Itata, participaron de una capacitaci\u00f3n sobre Conciencia Tur\u00edstica realizada por SERNATUR, durante los meses de enero y febrero.<\/p>\n<p style=\"text-align: justify;\">Este nuevo curso realizado junto a la Direcci\u00f3n de Desarrollo Econ\u00f3mico Local y Sustentabilidad de Yungay, se suma a las iniciativas del municipio que tienen el objetivo de contribuir con la constante capacitaci\u00f3n de los vecinos que trabajan d\u00eda a d\u00eda en el Parque Salto del Itata.<\/p>\n<p style=\"text-align: justify;\">\u201cQuiero felicitar y agradecer a los vecinos de Ranchillo por el compromiso que demuestran por su trabajo y el cuidado del Parque Salto del Itata\u201d agradeci\u00f3 el alcalde, Rafael Cifuentes Rodr\u00edguez \u201cHoy finalizaron una nueva capacitaci\u00f3n sobre Conciencia Tur\u00edstica, conocimientos vitales que les servir\u00e1n para mejorar a\u00fan m\u00e1s la administraci\u00f3n y atenci\u00f3n del lugar\u201d.<\/p>\n<p style=\"text-align: justify;\">Marcela Rodr\u00edguez, en representaci\u00f3n de SERNATUR, tambi\u00e9n felicit\u00f3 a los vecinos por la mantenci\u00f3n del Parque y la constante preocupaci\u00f3n que tienen por mejorar la atenci\u00f3n y los servicios que ofrecen. \u201cEstamos contentos como SERNATUR por que los vecinos de Ranchillo Bajo han demostrado un gran inter\u00e9s y participaci\u00f3n durante las capacitaciones, estamos seguros que estos nuevos conocimientos les permitir\u00e1n implementar nuevas estrategias y medidas para mejorar la calidad de la atenci\u00f3n del lugar\u201d.<\/p>\n<p style=\"text-align: justify;\">\u201cEstos talleres nos sirven much\u00edsimo para perfeccionar nuestro trabajo y estamos muy contentos que lleguen hasta ac\u00e1 con las capacitaciones, demuestra una gran preocupaci\u00f3n por parte de SERNATUR y el Municipio\u201d fueron las palabras de Elsa Ortiz, vecina de Ranchillo quien particip\u00f3 activamente de las capacitaciones.<\/p>\n<p style=\"text-align: justify;\">La Directora Regional de SERNATUR \u00d1uble, Heidi Inostroza Rojas, manifest\u00f3, \u201cFelicitamos a la Junta de Vecinos de Ranchillo Bajo por unirse y trabajar en el desarrollo de un turismo de base comunitaria en torno a una importante atractivo tur\u00edstico regional, y esperamos que las herramientas entregadas sean un aporte en su quehacer.\u201d<\/p>\n","protected":false},"excerpt":{"rendered":"<p>Yungay, febrero 2021: Con una vista privilegiada, los vecinos que trabajan en el Parque Mirador Salto del Itata, participaron de una capacitaci\u00f3n sobre Conciencia Tur\u00edstica realizada por SERNATUR, durante los meses de enero y&#46;&#46;&#46;<\/p>\n","protected":false},"author":2,"featured_media":23872,"comment_status":"closed","ping_status":"open","sticky":false,"template":"","format":"standard","meta":{"footnotes":""},"categories":[1,15],"tags":[1115,880,1128,1119,8,6,117],"class_list":["post-23871","post","type-post","status-publish","format-standard","has-post-thumbnail","hentry","category-noticias","category-turismo","tag-noticias","tag-salto-del-itata","tag-sernatur","tag-turismo","tag-yungay","tag-yungayino","tag-yungayinocl"],"_links":{"self":[{"href":"https:\/\/www.yungayino.cl\/noticias\/index.php?rest_route=\/wp\/v2\/posts\/23871","targetHints":{"allow":["GET"]}}],"collection":[{"href":"https:\/\/www.yungayino.cl\/noticias\/index.php?rest_route=\/wp\/v2\/posts"}],"about":[{"href":"https:\/\/www.yungayino.cl\/noticias\/index.php?rest_route=\/wp\/v2\/types\/post"}],"author":[{"embeddable":true,"href":"https:\/\/www.yungayino.cl\/noticias\/index.php?rest_route=\/wp\/v2\/users\/2"}],"replies":[{"embeddable":true,"href":"https:\/\/www.yungayino.cl\/noticias\/index.php?rest_route=%2Fwp%2Fv2%2Fcomments&post=23871"}],"version-history":[{"count":1,"href":"https:\/\/www.yungayino.cl\/noticias\/index.php?rest_route=\/wp\/v2\/posts\/23871\/revisions"}],"predecessor-version":[{"id":23873,"href":"https:\/\/www.yungayino.cl\/noticias\/index.php?rest_route=\/wp\/v2\/posts\/23871\/revisions\/23873"}],"wp:featuredmedia":[{"embeddable":true,"href":"https:\/\/www.yungayino.cl\/noticias\/index.php?rest_route=\/wp\/v2\/media\/23872"}],"wp:attachment":[{"href":"https:\/\/www.yungayino.cl\/noticias\/index.php?rest_route=%2Fwp%2Fv2%2Fmedia&parent=23871"}],"wp:term":[{"taxonomy":"category","embeddable":true,"href":"https:\/\/www.yungayino.cl\/noticias\/index.php?rest_route=%2Fwp%2Fv2%2Fcategories&post=23871"},{"taxonomy":"post_tag","embeddable":true,"href":"https:\/\/www.yungayino.cl\/noticias\/index.php?rest_route=%2Fwp%2Fv2%2Ftags&post=23871"}],"curies":[{"name":"wp","href":"https:\/\/api.w.org\/{rel}","templated":true}]}}