{"id":23874,"date":"2021-02-11T13:50:07","date_gmt":"2021-02-11T16:50:07","guid":{"rendered":"http:\/\/www.yungayino.cl\/noticias\/?p=23874"},"modified":"2021-02-11T13:50:07","modified_gmt":"2021-02-11T16:50:07","slug":"alcalde-de-yungay-da-el-vamos-al-proceso-de-vacunacion-para-trabajadores-as-del-servicio-de-aseo-municipal-y-cementerio","status":"publish","type":"post","link":"https:\/\/www.yungayino.cl\/noticias\/?p=23874","title":{"rendered":"Alcalde de Yungay Da el Vamos al Proceso de Vacunaci\u00f3n Para Trabajadores\/as del Servicio de Aseo Municipal y Cementerio"},"content":{"rendered":"<p><img loading=\"lazy\" decoding=\"async\" class=\"alignnone size-full wp-image-23875\" src=\"http:\/\/www.yungayino.cl\/noticias\/wp-content\/uploads\/2021\/02\/3-1.jpg\" alt=\"\" width=\"1440\" height=\"1078\" srcset=\"https:\/\/www.yungayino.cl\/noticias\/wp-content\/uploads\/2021\/02\/3-1.jpg 1440w, https:\/\/www.yungayino.cl\/noticias\/wp-content\/uploads\/2021\/02\/3-1-300x225.jpg 300w, https:\/\/www.yungayino.cl\/noticias\/wp-content\/uploads\/2021\/02\/3-1-1024x767.jpg 1024w, https:\/\/www.yungayino.cl\/noticias\/wp-content\/uploads\/2021\/02\/3-1-200x150.jpg 200w\" sizes=\"auto, (max-width: 1440px) 100vw, 1440px\" \/><\/p>\n<p style=\"text-align: justify;\">Yungay, febrero 2021: La SEREMI de Salud de \u00d1uble autoriz\u00f3 iniciar el proceso de vacunaci\u00f3n a funcionarios\/as municipales, para lo cual, el alcalde de Yungay, Rafael Cifuentes Rodr\u00edguez, estableci\u00f3 como prioridad partir por las y los trabajadores de la empresa de servicio de aseo municipal y cementerios, \u201cya que son quienes est\u00e1n d\u00eda a d\u00eda ocupados de la recolecci\u00f3n de desechos s\u00f3lidos de calles y casas, por tanto deben enfrentar dif\u00edciles condiciones laborales. Son uno de los grupos m\u00e1s expuesto al contagio de este virus, por eso queremos partir la vacunaci\u00f3n d\u00e1ndoles prioridad a ellos\u201d.<\/p>\n","protected":false},"excerpt":{"rendered":"<p>Yungay, febrero 2021: La SEREMI de Salud de \u00d1uble autoriz\u00f3 iniciar el proceso de vacunaci\u00f3n a funcionarios\/as municipales, para lo cual, el alcalde de Yungay, Rafael Cifuentes Rodr\u00edguez, estableci\u00f3 como prioridad partir por las&#46;&#46;&#46;<\/p>\n","protected":false},"author":2,"featured_media":23875,"comment_status":"closed","ping_status":"open","sticky":false,"template":"","format":"standard","meta":{"footnotes":""},"categories":[1],"tags":[1115,8,6,117],"class_list":["post-23874","post","type-post","status-publish","format-standard","has-post-thumbnail","hentry","category-noticias","tag-noticias","tag-yungay","tag-yungayino","tag-yungayinocl"],"_links":{"self":[{"href":"https:\/\/www.yungayino.cl\/noticias\/index.php?rest_route=\/wp\/v2\/posts\/23874","targetHints":{"allow":["GET"]}}],"collection":[{"href":"https:\/\/www.yungayino.cl\/noticias\/index.php?rest_route=\/wp\/v2\/posts"}],"about":[{"href":"https:\/\/www.yungayino.cl\/noticias\/index.php?rest_route=\/wp\/v2\/types\/post"}],"author":[{"embeddable":true,"href":"https:\/\/www.yungayino.cl\/noticias\/index.php?rest_route=\/wp\/v2\/users\/2"}],"replies":[{"embeddable":true,"href":"https:\/\/www.yungayino.cl\/noticias\/index.php?rest_route=%2Fwp%2Fv2%2Fcomments&post=23874"}],"version-history":[{"count":1,"href":"https:\/\/www.yungayino.cl\/noticias\/index.php?rest_route=\/wp\/v2\/posts\/23874\/revisions"}],"predecessor-version":[{"id":23876,"href":"https:\/\/www.yungayino.cl\/noticias\/index.php?rest_route=\/wp\/v2\/posts\/23874\/revisions\/23876"}],"wp:featuredmedia":[{"embeddable":true,"href":"https:\/\/www.yungayino.cl\/noticias\/index.php?rest_route=\/wp\/v2\/media\/23875"}],"wp:attachment":[{"href":"https:\/\/www.yungayino.cl\/noticias\/index.php?rest_route=%2Fwp%2Fv2%2Fmedia&parent=23874"}],"wp:term":[{"taxonomy":"category","embeddable":true,"href":"https:\/\/www.yungayino.cl\/noticias\/index.php?rest_route=%2Fwp%2Fv2%2Fcategories&post=23874"},{"taxonomy":"post_tag","embeddable":true,"href":"https:\/\/www.yungayino.cl\/noticias\/index.php?rest_route=%2Fwp%2Fv2%2Ftags&post=23874"}],"curies":[{"name":"wp","href":"https:\/\/api.w.org\/{rel}","templated":true}]}}