{"id":23884,"date":"2021-02-11T14:00:56","date_gmt":"2021-02-11T17:00:56","guid":{"rendered":"http:\/\/www.yungayino.cl\/noticias\/?p=23884"},"modified":"2021-02-11T14:26:44","modified_gmt":"2021-02-11T17:26:44","slug":"yungay-retrocede-a-transicion","status":"publish","type":"post","link":"https:\/\/www.yungayino.cl\/noticias\/?p=23884","title":{"rendered":"Yungay Retrocede a Transici\u00f3n"},"content":{"rendered":"<p><img loading=\"lazy\" decoding=\"async\" class=\"alignnone size-full wp-image-23885\" src=\"http:\/\/www.yungayino.cl\/noticias\/wp-content\/uploads\/2021\/02\/11-febrero-paso-a-paso.png\" alt=\"\" width=\"1501\" height=\"841\" srcset=\"https:\/\/www.yungayino.cl\/noticias\/wp-content\/uploads\/2021\/02\/11-febrero-paso-a-paso.png 1501w, https:\/\/www.yungayino.cl\/noticias\/wp-content\/uploads\/2021\/02\/11-febrero-paso-a-paso-300x168.png 300w, https:\/\/www.yungayino.cl\/noticias\/wp-content\/uploads\/2021\/02\/11-febrero-paso-a-paso-1024x574.png 1024w, https:\/\/www.yungayino.cl\/noticias\/wp-content\/uploads\/2021\/02\/11-febrero-paso-a-paso-268x150.png 268w\" sizes=\"auto, (max-width: 1501px) 100vw, 1501px\" \/><\/p>\n<p style=\"text-align: justify;\">Yungay, 11 de febrero 2021: Desde este s\u00e1bado 13 de febrero a las 5:00 horas, nuestra comuna retrocede a Transici\u00f3n.<\/p>\n<p style=\"text-align: justify;\"><strong>\u00bfQU\u00c9 EST\u00c1 PROHIBIDO EN MI COMUNA?<\/strong><\/p>\n<ul style=\"text-align: justify;\">\n<li>Las reuniones en residencias particulares de m\u00e1s de 5 personas y cualquier evento o reuni\u00f3n durante el horario de toque de queda, o los s\u00e1bados, domingos y festivos.<\/li>\n<li>Las actividades con p\u00fablico con m\u00e1s asistentes de lo permitido o sin cumplir las condiciones requeridas seg\u00fan el tipo.<\/li>\n<li>La atenci\u00f3n de p\u00fablico en restaurantes o caf\u00e9s en espacios cerrados.<\/li>\n<li>La venta y consumo de alimentos en lugares cerrados de centros comerciales.<\/li>\n<li>El funcionamiento de Clubes de Adultos Mayores y Centros de d\u00eda de Adultos Mayores.<\/li>\n<li>El funcionamiento de pubs, discotecas y lugares an\u00e1logos.<\/li>\n<li>El traslado a residencia no habitual y a otras regiones, excepto en posesi\u00f3n del Permiso (\u00fanico) de Vacaciones.<\/li>\n<\/ul>\n<p style=\"text-align: justify;\"><strong>\u00bfQU\u00c9 PUEDO HACER?<\/strong><\/p>\n<ul style=\"text-align: justify;\">\n<li>Todos, incluidos los mayores de 75 a\u00f1os, pueden salir, pero no ir a lugares en cuarentena.<\/li>\n<li>Debes quedarte en casa los fines de semana y los feriados, d\u00edas en que solo podr\u00e1s salir con un permiso individual que puedes obtener en comisariavirtual.cl (un permiso a la semana).<\/li>\n<li>Debes respetar el toque de queda, que implica que no puedes salir entre las 22:00 y las 05:00 horas salvo que tengas un salvoconducto por emergencia m\u00e9dica o funeral.<\/li>\n<li>Puedes ir a trabajar si es que trabajas en un lugar que no est\u00e9 en cuarentena, a no ser que sea servicio esencial, y tengas un permiso de desplazamiento colectivo o un permiso \u00fanico colectivo.<\/li>\n<li>Asistir a actividades presenciales de educaci\u00f3n escolar y media, si la comuna retrocede de Paso 3, pero no si avanza de Paso 1 (Cuarentena).<\/li>\n<\/ul>\n<ul style=\"text-align: justify;\">\n<li>Asistir a restaurantes, s\u00f3lo en terrazas o espacios al aire libre y en grupos de m\u00e1ximo 4 personas.<\/li>\n<li>Realizar actividad deportiva. De lunes a viernes, s\u00f3lo en lugares al aire libre y en grupos de m\u00e1ximo 10 personas, sin utilizar m\u00e1quinas o implementos compartidos. Los fines de semana y festivos, s\u00f3lo en la banda horaria de 07 a 08:30 hrs., y sin usar auto o transporte p\u00fablico.<\/li>\n<li>Tener reuniones sociales en residencias particulares o lugares p\u00fablicos abiertos, con m\u00e1ximo 5 personas en total, y s\u00f3lo de lunes a viernes.<\/li>\n<li>Intenta no tener reuniones con m\u00e1s de un mismo grupo a la semana.<\/li>\n<li>Participar en eventos o actividades con p\u00fablico: si la actividad es con ubicaci\u00f3n fija de los asistentes y sin consumo de alimentos, pueden ser hasta 20 personas en lugares al aire libre y 10 personas en lugares cerrados, s\u00f3lo de lunes a viernes. Si la misma actividad considera consumo de alimentos, s\u00f3lo pueden ser 10 personas al aire libre. Estas actividades no pueden ser en residencias particulares.<\/li>\n<li>Residentes de Centros SENAME pueden salir hasta 3 veces a la semana, con autorizaci\u00f3n y supervisi\u00f3n. Tambi\u00e9n se permiten visitas de v\u00ednculos significativos. Los fines de semana pueden salir a realizar actividades al aire libre en la banda horaria de 07:00 a 08:30 horas, con autorizaci\u00f3n y supervisi\u00f3n.<\/li>\n<li>Residentes de ELEAM pueden salir a caminar todos los d\u00edas por m\u00e1ximo 2 horas, y pueden recibir visita de 2 personas, 2 veces a la semana.<\/li>\n<li>Puedes salir de vacaciones con el Permiso de Vacaciones, dispuesto en Comisar\u00eda Virtual. Se puede obtener una \u00fanica vez por cada persona y estar\u00e1 disponible hasta el 31 de marzo para ir a comunas en Paso 2, 3 o 4, teniendo que permanecer en el mismo destino durante toda la estad\u00eda.<\/li>\n<li>Cada vez que salgas, con la autorizaci\u00f3n correspondiente, debes usar mascarilla, mantener la distancia f\u00edsica y recordar medidas como lavado de manos o uso de alcohol gel.<\/li>\n<\/ul>\n<p style=\"text-align: justify;\"><strong>\u00bfQU\u00c9 PUEDE FUNCIONAR EN MI COMUNA?<\/strong><\/p>\n<ul>\n<li style=\"text-align: justify;\">Farmacias, supermercados y otros lugares de abastecimiento de alimentos y productos b\u00e1sicos, centros de salud y establecimientos de servicio p\u00fablico.<\/li>\n<li style=\"text-align: justify;\">Comercio y otras actividades no esenciales que puedan funcionar con trabajadores que vivan en una comuna en Transici\u00f3n o sin cuarentena.<\/li>\n<li style=\"text-align: justify;\">Jardines infantiles y salas cuna. Los establecimientos de educaci\u00f3n si la comuna retrocede de Paso 3.<\/li>\n<li style=\"text-align: justify;\">Atenci\u00f3n de p\u00fablico en restaurantes s\u00f3lo en espacios abiertos, con 2m. lineales entre mesas (bordes) y sin m\u00fasica.<\/li>\n<li style=\"text-align: justify;\">Actividades con p\u00fablico, respetando los aforos m\u00e1ximos y las condiciones de acuerdo al tipo de evento.<\/li>\n<li style=\"text-align: justify;\">Todo lo que funcione, debe ser siguiendo los protocolos establecidos.<\/li>\n<\/ul>\n<p>&nbsp;<\/p>\n<p><a href=\"https:\/\/www.gob.cl\/coronavirus\/pasoapaso#situacioncomunal\/\"><strong>PASO A PASO &#8211; SITUACI\u00d3N COMUNAL Aqu\u00ed<\/strong><\/a><\/p>\n","protected":false},"excerpt":{"rendered":"<p>Yungay, 11 de febrero 2021: Desde este s\u00e1bado 13 de febrero a las 5:00 horas, nuestra comuna retrocede a Transici\u00f3n. \u00bfQU\u00c9 EST\u00c1 PROHIBIDO EN MI COMUNA? Las reuniones en residencias particulares de m\u00e1s de&#46;&#46;&#46;<\/p>\n","protected":false},"author":2,"featured_media":23885,"comment_status":"closed","ping_status":"open","sticky":false,"template":"","format":"standard","meta":{"footnotes":""},"categories":[3,1],"tags":[2446,2447,8,6,117],"class_list":["post-23884","post","type-post","status-publish","format-standard","has-post-thumbnail","hentry","category-actualidad","category-noticias","tag-noticias-fase-2","tag-transicion","tag-yungay","tag-yungayino","tag-yungayinocl"],"_links":{"self":[{"href":"https:\/\/www.yungayino.cl\/noticias\/index.php?rest_route=\/wp\/v2\/posts\/23884","targetHints":{"allow":["GET"]}}],"collection":[{"href":"https:\/\/www.yungayino.cl\/noticias\/index.php?rest_route=\/wp\/v2\/posts"}],"about":[{"href":"https:\/\/www.yungayino.cl\/noticias\/index.php?rest_route=\/wp\/v2\/types\/post"}],"author":[{"embeddable":true,"href":"https:\/\/www.yungayino.cl\/noticias\/index.php?rest_route=\/wp\/v2\/users\/2"}],"replies":[{"embeddable":true,"href":"https:\/\/www.yungayino.cl\/noticias\/index.php?rest_route=%2Fwp%2Fv2%2Fcomments&post=23884"}],"version-history":[{"count":3,"href":"https:\/\/www.yungayino.cl\/noticias\/index.php?rest_route=\/wp\/v2\/posts\/23884\/revisions"}],"predecessor-version":[{"id":23888,"href":"https:\/\/www.yungayino.cl\/noticias\/index.php?rest_route=\/wp\/v2\/posts\/23884\/revisions\/23888"}],"wp:featuredmedia":[{"embeddable":true,"href":"https:\/\/www.yungayino.cl\/noticias\/index.php?rest_route=\/wp\/v2\/media\/23885"}],"wp:attachment":[{"href":"https:\/\/www.yungayino.cl\/noticias\/index.php?rest_route=%2Fwp%2Fv2%2Fmedia&parent=23884"}],"wp:term":[{"taxonomy":"category","embeddable":true,"href":"https:\/\/www.yungayino.cl\/noticias\/index.php?rest_route=%2Fwp%2Fv2%2Fcategories&post=23884"},{"taxonomy":"post_tag","embeddable":true,"href":"https:\/\/www.yungayino.cl\/noticias\/index.php?rest_route=%2Fwp%2Fv2%2Ftags&post=23884"}],"curies":[{"name":"wp","href":"https:\/\/api.w.org\/{rel}","templated":true}]}}