{"id":23889,"date":"2021-02-15T14:00:34","date_gmt":"2021-02-15T17:00:34","guid":{"rendered":"http:\/\/www.yungayino.cl\/noticias\/?p=23889"},"modified":"2021-02-15T14:08:14","modified_gmt":"2021-02-15T17:08:14","slug":"inicia-etapa-de-construccion-de-sistemas-de-riego-para-agricultores-de-diguillin","status":"publish","type":"post","link":"https:\/\/www.yungayino.cl\/noticias\/?p=23889","title":{"rendered":"Inicia Etapa de Construcci\u00f3n de Sistemas de Riego Para Agricultores de Diguill\u00edn"},"content":{"rendered":"<p><img loading=\"lazy\" decoding=\"async\" class=\"size-full wp-image-23890 aligncenter\" src=\"http:\/\/www.yungayino.cl\/noticias\/wp-content\/uploads\/2021\/02\/1-2.jpg\" alt=\"\" width=\"700\" height=\"608\" srcset=\"https:\/\/www.yungayino.cl\/noticias\/wp-content\/uploads\/2021\/02\/1-2.jpg 700w, https:\/\/www.yungayino.cl\/noticias\/wp-content\/uploads\/2021\/02\/1-2-300x261.jpg 300w, https:\/\/www.yungayino.cl\/noticias\/wp-content\/uploads\/2021\/02\/1-2-173x150.jpg 173w\" sizes=\"auto, (max-width: 700px) 100vw, 700px\" \/><\/p>\n<p style=\"text-align: justify;\">Diguill\u00edn, febrero 2021: A trav\u00e9s de un convenio de colaboraci\u00f3n entre la Gobernaci\u00f3n Provincial de Diguill\u00edn y la Corporaci\u00f3n Nacional de Desarrollo Ind\u00edgena (CONADI), comenz\u00f3 la ejecuci\u00f3n de los proyectos de riego para peque\u00f1os agricultores con ascendencia ind\u00edgena de la provincia.<\/p>\n<p style=\"text-align: justify;\">Con una inversi\u00f3n superior a los 155 millones de pesos, este proyecto beneficiar\u00e1 a 22 familias de Diguill\u00edn, espec\u00edficamente en Chill\u00e1n (1), <strong>Yungay (1)<\/strong>, El Carmen (2) San Ignacio (8)\u00a0 Bulnes (6) Quill\u00f3n (2), Pinto (2).<\/p>\n<p style=\"text-align: justify;\">El Gobernador Roger Cisterna, destac\u00f3 la importancia del convenio, precisando que \u201cComo Gobierno estamos contentos de tener la posibilidad de llevar a cabo estos proyectos, que ir\u00e1n en directo beneficio de m\u00e1s de 20 familias ind\u00edgenas de nuestra Provincia de Diguill\u00edn. Este es un convenio in\u00e9dito y que ha significado un trabajo colaborativo importante entre la Gobernaci\u00f3n y Conadi, para poder entregar un aporte real y significativo a estos vecinos, y que va a ir a mejorar la calidad de vida que ellos tienen actualmente\u201d.<\/p>\n<p style=\"text-align: justify;\">La autoridad provincial agreg\u00f3 adem\u00e1s que \u201cEsto es fundamental para ir en apoyo de aquellos peque\u00f1os agricultores que se han visto afectados adem\u00e1s por la pandemia, ya que les permite continuar con su producci\u00f3n y eso siempre es muy positivo\u201d.<\/p>\n<p style=\"text-align: justify;\">Algunos de los requisitos para acceder a este beneficio eran tener terreno y ser propietario del mismo (o bien de un hijo o c\u00f3nyugue), adem\u00e1s no pod\u00edan ser propiedades urbanas sino rurales, y tener una producci\u00f3n y comercializaci\u00f3n de sus productos.<\/p>\n<p style=\"text-align: justify;\">Isabel Meli\u00f1ir, de la comuna de El Carmen, es una de las beneficiadas con este proyecto, que la ayudar\u00e1 a dar continuidad a su emprendimiento de frutas y verduras, entre ellas frutillas, frambuesas y papas.<\/p>\n<p style=\"text-align: justify;\">\u201cYo aqu\u00ed trabajo sola en el huerto y es dif\u00edcil, sobre todo en esta \u00e9poca de calor. Este verano se secaron todas mis frambuesas por la falta de agua y eso signific\u00f3 una tremenda p\u00e9rdida de producci\u00f3n y trabajo. Por eso este proyecto de riego es muy importante para m\u00ed, va a ser un apoyo muy importante y me siento muy agradecida y bendecida por ello. Agradezco al Gobernador y al equipo de j\u00f3venes que me han apoyado en esto, de verdad estoy muy feliz\u201d, se\u00f1al\u00f3 Isabel.<\/p>\n<p style=\"text-align: justify;\">Las obras de riego deber\u00edan estar terminadas en abril pr\u00f3ximo y se espera poder continuar con el trabajo conjunto entre ambas entidades.<\/p>\n<p style=\"text-align: justify;\">\u201cSeguiremos generando convenios y trabajando en conjunto con las diferentes entidades p\u00fablico-privadas, para ir en apoyo de nuestros vecinos y vecinas y mejorar su calidad de vida\u201d, finaliz\u00f3 el Gobernador.<\/p>\n","protected":false},"excerpt":{"rendered":"<p>Diguill\u00edn, febrero 2021: A trav\u00e9s de un convenio de colaboraci\u00f3n entre la Gobernaci\u00f3n Provincial de Diguill\u00edn y la Corporaci\u00f3n Nacional de Desarrollo Ind\u00edgena (CONADI), comenz\u00f3 la ejecuci\u00f3n de los proyectos de riego para peque\u00f1os&#46;&#46;&#46;<\/p>\n","protected":false},"author":2,"featured_media":23890,"comment_status":"closed","ping_status":"open","sticky":false,"template":"","format":"standard","meta":{"footnotes":""},"categories":[1],"tags":[1763,1115,2448,8,6,117],"class_list":["post-23889","post","type-post","status-publish","format-standard","has-post-thumbnail","hentry","category-noticias","tag-diguillin","tag-noticias","tag-sistemas-de-riego","tag-yungay","tag-yungayino","tag-yungayinocl"],"_links":{"self":[{"href":"https:\/\/www.yungayino.cl\/noticias\/index.php?rest_route=\/wp\/v2\/posts\/23889","targetHints":{"allow":["GET"]}}],"collection":[{"href":"https:\/\/www.yungayino.cl\/noticias\/index.php?rest_route=\/wp\/v2\/posts"}],"about":[{"href":"https:\/\/www.yungayino.cl\/noticias\/index.php?rest_route=\/wp\/v2\/types\/post"}],"author":[{"embeddable":true,"href":"https:\/\/www.yungayino.cl\/noticias\/index.php?rest_route=\/wp\/v2\/users\/2"}],"replies":[{"embeddable":true,"href":"https:\/\/www.yungayino.cl\/noticias\/index.php?rest_route=%2Fwp%2Fv2%2Fcomments&post=23889"}],"version-history":[{"count":1,"href":"https:\/\/www.yungayino.cl\/noticias\/index.php?rest_route=\/wp\/v2\/posts\/23889\/revisions"}],"predecessor-version":[{"id":23891,"href":"https:\/\/www.yungayino.cl\/noticias\/index.php?rest_route=\/wp\/v2\/posts\/23889\/revisions\/23891"}],"wp:featuredmedia":[{"embeddable":true,"href":"https:\/\/www.yungayino.cl\/noticias\/index.php?rest_route=\/wp\/v2\/media\/23890"}],"wp:attachment":[{"href":"https:\/\/www.yungayino.cl\/noticias\/index.php?rest_route=%2Fwp%2Fv2%2Fmedia&parent=23889"}],"wp:term":[{"taxonomy":"category","embeddable":true,"href":"https:\/\/www.yungayino.cl\/noticias\/index.php?rest_route=%2Fwp%2Fv2%2Fcategories&post=23889"},{"taxonomy":"post_tag","embeddable":true,"href":"https:\/\/www.yungayino.cl\/noticias\/index.php?rest_route=%2Fwp%2Fv2%2Ftags&post=23889"}],"curies":[{"name":"wp","href":"https:\/\/api.w.org\/{rel}","templated":true}]}}