{"id":23977,"date":"2021-03-05T10:00:28","date_gmt":"2021-03-05T13:00:28","guid":{"rendered":"http:\/\/www.yungayino.cl\/noticias\/?p=23977"},"modified":"2021-03-05T11:22:29","modified_gmt":"2021-03-05T14:22:29","slug":"servicio-de-salud-nuble-reitera-el-llamado-a-la-prevencion-ante-nueva-alza-de-contagios","status":"publish","type":"post","link":"https:\/\/www.yungayino.cl\/noticias\/?p=23977","title":{"rendered":"Servicio De Salud \u00d1uble Reitera El Llamado A La Prevenci\u00f3n Ante Nueva Alza De Contagios"},"content":{"rendered":"<p><img loading=\"lazy\" decoding=\"async\" class=\"alignnone size-full wp-image-23978\" src=\"http:\/\/www.yungayino.cl\/noticias\/wp-content\/uploads\/2021\/03\/Casos-Covid.jpg\" alt=\"\" width=\"700\" height=\"379\" srcset=\"https:\/\/www.yungayino.cl\/noticias\/wp-content\/uploads\/2021\/03\/Casos-Covid.jpg 700w, https:\/\/www.yungayino.cl\/noticias\/wp-content\/uploads\/2021\/03\/Casos-Covid-300x162.jpg 300w, https:\/\/www.yungayino.cl\/noticias\/wp-content\/uploads\/2021\/03\/Casos-Covid-277x150.jpg 277w\" sizes=\"auto, (max-width: 700px) 100vw, 700px\" \/><\/p>\n<p style=\"text-align: justify;\">\u00d1uble, marzo 2021: Las \u00faltimas cifras dan cuenta de 166 nuevos casos, por esta raz\u00f3n, desde la instituci\u00f3n llamaron a cumplir con las medidas de autocuidado, considerando adem\u00e1s la situaci\u00f3n epidemiol\u00f3gica a nivel pa\u00eds.<\/p>\n<p style=\"text-align: justify;\">La pandemia del Covid-19 no da tregua, as\u00ed lo muestran los indicadores epidemiol\u00f3gicos a nivel pa\u00eds, que registraron un incremento importante casos en el territorio nacional; reportando en los \u00faltimos d\u00edas m\u00e1s de 4 mil nuevos contagios diarios.<\/p>\n<p style=\"text-align: justify;\">Si bien \u00d1uble experiment\u00f3 un leve descenso en la \u00faltima semana, el n\u00famero tuvo un alza, inform\u00e1ndose un total de 166 casos positivos; la tercera mayor cifra de nuevos contagios en la Regi\u00f3n en lo que va de la pandemia.<\/p>\n<p style=\"text-align: justify;\">En ese contexto, el Director del Servicio de Salud \u00d1uble, Ricardo S\u00e1nchez, reiter\u00f3 la importancia de seguir con las medidas de autocuidado. \u201cEl virus sigue con altos niveles de propagaci\u00f3n a nivel local, por lo que el llamado siempre debe ser a la prevenci\u00f3n. Esto es fundamental en momentos como este, donde vemos que la Red Integrada a nivel pa\u00eds, nuevamente est\u00e1 muy exigida debido a la situaci\u00f3n que viven regiones como la Metropolitana o del B\u00edo B\u00edo, que registraron 1.130 y 726 casos nuevos respectivamente\u201d.<\/p>\n<p style=\"text-align: justify;\">\u201cA un a\u00f1o desde la llegada del Covid-19 a Chile, vemos c\u00f3mo este virus sigue causando dolor y angustia en miles de familias. Si bien, hemos logrado brindar atenci\u00f3n a toda persona que lo ha requerido y estamos avanzando con un exitoso proceso de vacunaci\u00f3n, es primordial que sigamos cuid\u00e1ndonos, sobre todo pensando en quienes forman parte de los grupos de riesgo\u201d, recalc\u00f3 el directivo.<\/p>\n<p style=\"text-align: justify;\"><strong><u>Estado de la red de establecimientos de salud<\/u><\/strong><\/p>\n<p style=\"text-align: justify;\">El Subdirector de Gesti\u00f3n Asistencial de la Instituci\u00f3n, doctor Max Besser, dio cuenta del estado de la red de establecimientos, que al d\u00eda de hoy, report\u00f3 un total de 110 personas hospitalizadas, 51 en cuidados cr\u00edticos y 35 conectadas a ventilaci\u00f3n mec\u00e1nica.<\/p>\n<p style=\"text-align: justify;\">\u201cNuevamente insistimos en que debemos seguir cuid\u00e1ndonos, recordemos que los n\u00fameros de casos diarios impacta directamente en los indicadores asistenciales. Es as\u00ed, como de acuerdo a las estimaciones, del total de nuevos contagios un 15% requerir\u00e1 hospitalizaci\u00f3n y un 5% de apoyo de ventilaci\u00f3n mec\u00e1nica\u201d, destac\u00f3 el doctor Besser.<\/p>\n<p style=\"text-align: justify;\">Respecto de la cantidad de ex\u00e1menes procesados en \u00d1uble, se informaron los resultados de 1.443 muestras.<\/p>\n","protected":false},"excerpt":{"rendered":"<p>\u00d1uble, marzo 2021: Las \u00faltimas cifras dan cuenta de 166 nuevos casos, por esta raz\u00f3n, desde la instituci\u00f3n llamaron a cumplir con las medidas de autocuidado, considerando adem\u00e1s la situaci\u00f3n epidemiol\u00f3gica a nivel pa\u00eds.&#46;&#46;&#46;<\/p>\n","protected":false},"author":2,"featured_media":23978,"comment_status":"closed","ping_status":"open","sticky":false,"template":"","format":"standard","meta":{"footnotes":""},"categories":[1,1675],"tags":[2183,1115,1678,65,8,6,117],"class_list":["post-23977","post","type-post","status-publish","format-standard","has-post-thumbnail","hentry","category-noticias","category-saludc","tag-covid-19","tag-noticias","tag-nuble","tag-salud","tag-yungay","tag-yungayino","tag-yungayinocl"],"_links":{"self":[{"href":"https:\/\/www.yungayino.cl\/noticias\/index.php?rest_route=\/wp\/v2\/posts\/23977","targetHints":{"allow":["GET"]}}],"collection":[{"href":"https:\/\/www.yungayino.cl\/noticias\/index.php?rest_route=\/wp\/v2\/posts"}],"about":[{"href":"https:\/\/www.yungayino.cl\/noticias\/index.php?rest_route=\/wp\/v2\/types\/post"}],"author":[{"embeddable":true,"href":"https:\/\/www.yungayino.cl\/noticias\/index.php?rest_route=\/wp\/v2\/users\/2"}],"replies":[{"embeddable":true,"href":"https:\/\/www.yungayino.cl\/noticias\/index.php?rest_route=%2Fwp%2Fv2%2Fcomments&post=23977"}],"version-history":[{"count":2,"href":"https:\/\/www.yungayino.cl\/noticias\/index.php?rest_route=\/wp\/v2\/posts\/23977\/revisions"}],"predecessor-version":[{"id":23980,"href":"https:\/\/www.yungayino.cl\/noticias\/index.php?rest_route=\/wp\/v2\/posts\/23977\/revisions\/23980"}],"wp:featuredmedia":[{"embeddable":true,"href":"https:\/\/www.yungayino.cl\/noticias\/index.php?rest_route=\/wp\/v2\/media\/23978"}],"wp:attachment":[{"href":"https:\/\/www.yungayino.cl\/noticias\/index.php?rest_route=%2Fwp%2Fv2%2Fmedia&parent=23977"}],"wp:term":[{"taxonomy":"category","embeddable":true,"href":"https:\/\/www.yungayino.cl\/noticias\/index.php?rest_route=%2Fwp%2Fv2%2Fcategories&post=23977"},{"taxonomy":"post_tag","embeddable":true,"href":"https:\/\/www.yungayino.cl\/noticias\/index.php?rest_route=%2Fwp%2Fv2%2Ftags&post=23977"}],"curies":[{"name":"wp","href":"https:\/\/api.w.org\/{rel}","templated":true}]}}