{"id":23989,"date":"2021-03-08T11:00:43","date_gmt":"2021-03-08T14:00:43","guid":{"rendered":"http:\/\/www.yungayino.cl\/noticias\/?p=23989"},"modified":"2021-03-08T12:24:41","modified_gmt":"2021-03-08T15:24:41","slug":"continua-la-campana-de-vacunacion-en-yungay","status":"publish","type":"post","link":"https:\/\/www.yungayino.cl\/noticias\/?p=23989","title":{"rendered":"Contin\u00faa La Campa\u00f1a De Vacunaci\u00f3n En Yungay"},"content":{"rendered":"<p><img loading=\"lazy\" decoding=\"async\" class=\"alignnone size-full wp-image-23990\" src=\"http:\/\/www.yungayino.cl\/noticias\/wp-content\/uploads\/2021\/03\/1-2.jpg\" alt=\"\" width=\"700\" height=\"525\" srcset=\"https:\/\/www.yungayino.cl\/noticias\/wp-content\/uploads\/2021\/03\/1-2.jpg 700w, https:\/\/www.yungayino.cl\/noticias\/wp-content\/uploads\/2021\/03\/1-2-300x225.jpg 300w, https:\/\/www.yungayino.cl\/noticias\/wp-content\/uploads\/2021\/03\/1-2-200x150.jpg 200w\" sizes=\"auto, (max-width: 700px) 100vw, 700px\" \/><\/p>\n<p style=\"text-align: justify;\">Yungay, marzo 2021: La campa\u00f1a de vacunaci\u00f3n se contin\u00faa realizando en la Sede del Club Deportivo Municipal, ubicada en Angamos N\u00b0557.<\/p>\n<p style=\"text-align: justify;\"><strong>Es muy importante informar que:<\/strong><\/p>\n<p style=\"text-align: justify;\">Se inicia la vacunaci\u00f3n a poblaci\u00f3n en control cr\u00f3nico seg\u00fan la siguiente distribuci\u00f3n por grupo etario:<\/p>\n<p style=\"text-align: justify;\">Lunes 8 de marzo: 58 a 59 a\u00f1os<\/p>\n<p style=\"text-align: justify;\">Martes 9 de marzo: 56 a 57 a\u00f1os<\/p>\n<p style=\"text-align: justify;\">Mi\u00e9rcoles 10 de marzo: 54 a 55 a\u00f1os<\/p>\n<p style=\"text-align: justify;\">Jueves 11 de marzo: 50 a 53 a\u00f1os<\/p>\n<p style=\"text-align: justify;\">Viernes 12 de marzo: 46 a 49 a\u00f1os<\/p>\n<p style=\"text-align: justify;\"><strong>Horario de preferencia: <\/strong><\/p>\n<p style=\"text-align: justify;\">Lunes a jueves desde las 14:00 a 18:00 hrs.<\/p>\n<p style=\"text-align: justify;\">Viernes 14:00 a 17:00 hrs.<\/p>\n<p style=\"text-align: justify;\">Lo anterior, ya que paralelamente se est\u00e1n administrando las segundas dosis y as\u00ed evitar aglomeraciones.<\/p>\n<p style=\"text-align: justify;\"><strong>Requisitos:<\/strong><\/p>\n<ul style=\"text-align: justify;\">\n<li>Cedula de Identidad, carnet de control y\/o certificado m\u00e9dico o receta que acredite su condici\u00f3n de cr\u00f3nico.<\/li>\n<li>Se contin\u00faa con la administraci\u00f3n de las segundas Dosis. Por lo anterior, revisar su carnet de vacunaci\u00f3n y acudir en fecha indicada.<\/li>\n<\/ul>\n<p style=\"text-align: justify;\">Se sugiere acudir en el mismo horario, que acudieron cuando se le administro la primera dosis.<\/p>\n<p style=\"text-align: justify;\">Recordar que es muy importante contar con las 2 dosis, para lograr inmunidad. Si por alg\u00fan motivo se le paso la fecha de vacunaci\u00f3n de la segunda dosis, ac\u00e9rquese al punto de vacunaci\u00f3n.<\/p>\n<p style=\"text-align: justify;\">Consultas a los siguientes n\u00fameros telef\u00f3nicos. Idealmente agendar su hora llamando a estos n\u00fameros para evitar aglomeraciones. Si llegase a acudir en forma espont\u00e1nea, sin solicitar hora, se ruega mantener la calma y ser paciente a la espera de la atenci\u00f3n.<\/p>\n<p style=\"text-align: justify;\"><strong>+569 41020564<\/strong><\/p>\n<p style=\"text-align: justify;\"><strong>+569 41003786<\/strong><\/p>\n<p style=\"text-align: justify;\"><strong>+569 41204751<\/strong><\/p>\n<p style=\"text-align: justify;\">El horario de vacunaci\u00f3n de lunes a jueves es 09:30 a 18 hrs. Horario continuado y Viernes 09:30 a 17:00 hrs Horario continuado.<\/p>\n<p style=\"text-align: justify;\">Recuerde mantener el autocuidado durante este proceso de vacunaci\u00f3n y todo el d\u00eda con las medidas sanitarias<\/p>\n<p style=\"text-align: justify;\">?Lavado de manos frecuente o uso de alcohol gel.<\/p>\n<p style=\"text-align: justify;\">?Uso permanente y correcto de la mascarilla.<\/p>\n<p style=\"text-align: justify;\">?Distanciamiento f\u00edsico entre personas de m\u00e1s de 2 metros<\/p>\n<p style=\"text-align: justify;\">La pandemia aun No termina y la \u00fanica soluci\u00f3n es colectiva.<\/p>\n","protected":false},"excerpt":{"rendered":"<p>Yungay, marzo 2021: La campa\u00f1a de vacunaci\u00f3n se contin\u00faa realizando en la Sede del Club Deportivo Municipal, ubicada en Angamos N\u00b0557. Es muy importante informar que: Se inicia la vacunaci\u00f3n a poblaci\u00f3n en control&#46;&#46;&#46;<\/p>\n","protected":false},"author":2,"featured_media":23990,"comment_status":"closed","ping_status":"open","sticky":false,"template":"","format":"standard","meta":{"footnotes":""},"categories":[1,1675],"tags":[2183,1115,65,2426,8,6,117],"class_list":["post-23989","post","type-post","status-publish","format-standard","has-post-thumbnail","hentry","category-noticias","category-saludc","tag-covid-19","tag-noticias","tag-salud","tag-vacuna","tag-yungay","tag-yungayino","tag-yungayinocl"],"_links":{"self":[{"href":"https:\/\/www.yungayino.cl\/noticias\/index.php?rest_route=\/wp\/v2\/posts\/23989","targetHints":{"allow":["GET"]}}],"collection":[{"href":"https:\/\/www.yungayino.cl\/noticias\/index.php?rest_route=\/wp\/v2\/posts"}],"about":[{"href":"https:\/\/www.yungayino.cl\/noticias\/index.php?rest_route=\/wp\/v2\/types\/post"}],"author":[{"embeddable":true,"href":"https:\/\/www.yungayino.cl\/noticias\/index.php?rest_route=\/wp\/v2\/users\/2"}],"replies":[{"embeddable":true,"href":"https:\/\/www.yungayino.cl\/noticias\/index.php?rest_route=%2Fwp%2Fv2%2Fcomments&post=23989"}],"version-history":[{"count":2,"href":"https:\/\/www.yungayino.cl\/noticias\/index.php?rest_route=\/wp\/v2\/posts\/23989\/revisions"}],"predecessor-version":[{"id":23992,"href":"https:\/\/www.yungayino.cl\/noticias\/index.php?rest_route=\/wp\/v2\/posts\/23989\/revisions\/23992"}],"wp:featuredmedia":[{"embeddable":true,"href":"https:\/\/www.yungayino.cl\/noticias\/index.php?rest_route=\/wp\/v2\/media\/23990"}],"wp:attachment":[{"href":"https:\/\/www.yungayino.cl\/noticias\/index.php?rest_route=%2Fwp%2Fv2%2Fmedia&parent=23989"}],"wp:term":[{"taxonomy":"category","embeddable":true,"href":"https:\/\/www.yungayino.cl\/noticias\/index.php?rest_route=%2Fwp%2Fv2%2Fcategories&post=23989"},{"taxonomy":"post_tag","embeddable":true,"href":"https:\/\/www.yungayino.cl\/noticias\/index.php?rest_route=%2Fwp%2Fv2%2Ftags&post=23989"}],"curies":[{"name":"wp","href":"https:\/\/api.w.org\/{rel}","templated":true}]}}