{"id":2402,"date":"2009-11-14T20:00:28","date_gmt":"2009-11-15T00:00:28","guid":{"rendered":"http:\/\/www.yungayino.cl\/noticias\/?p=2402"},"modified":"2009-11-15T18:58:41","modified_gmt":"2009-11-15T22:58:41","slug":"pesar-en-yungay-por-muerte-de-destacado-bombero","status":"publish","type":"post","link":"https:\/\/www.yungayino.cl\/noticias\/?p=2402","title":{"rendered":"Pesar en Yungay por Muerte de Destacado Bombero"},"content":{"rendered":"<p><img decoding=\"async\" src=\"http:\/\/www.yungayino.cl\/imagenes\/walterpolanco.jpg\" alt=\"Pesar en Yungay por Muerte de Destacado Bombero\" \/><\/p>\n<p align=\"justify\"><font size=\"2\">S\u00e1bado 14 de noviembre, con profundo pesar, el Cuerpo de Bomberos de Yungay comunica el sensible fallecimiento de qui\u00e9n fuera Voluntario y Teniente de la Primera Compa\u00f1\u00eda de Bomberos de Yungay Se\u00f1or Walter Iv\u00e1n Polanco Brevis, qui\u00e9n llevaba 16 a\u00f1os como voluntario, su muerte se produjo por un accidente laboral durante la ma\u00f1ana de hoy s\u00e1bado, por causas que se investigan. Para ma\u00f1ana domingo 15 de noviembre pasado mediod\u00eda se espera que lleguen a Yungay los restos mortales del destacado voluntario y su velatorio se realizar\u00e1 en Calle \u00c1ngeles N\u00b0 45, de la comuna de Yungay. El lunes 16, aproximadamente a medio d\u00eda, se trasladar\u00e1 el velatorio al Cuartel General del Cuerpo de Bomberos de Yungay, ubicado en calle Esmeralda N\u00ba 318 y a las 20:30 horas se realizar\u00e1n sus funerales.<\/a><\/font><\/p>\n","protected":false},"excerpt":{"rendered":"<p>S\u00e1bado 14 de noviembre, con profundo pesar, el Cuerpo de Bomberos de Yungay comunica el sensible fallecimiento de qui\u00e9n fuera Voluntario y Teniente de la Primera Compa\u00f1\u00eda de Bomberos de Yungay Se\u00f1or Walter Iv\u00e1n&#46;&#46;&#46;<\/p>\n","protected":false},"author":2,"featured_media":15156,"comment_status":"open","ping_status":"open","sticky":false,"template":"","format":"standard","meta":{"footnotes":""},"categories":[1],"tags":[37,1115,8,6],"class_list":["post-2402","post","type-post","status-publish","format-standard","has-post-thumbnail","hentry","category-noticias","tag-bomberos","tag-noticias","tag-yungay","tag-yungayino"],"_links":{"self":[{"href":"https:\/\/www.yungayino.cl\/noticias\/index.php?rest_route=\/wp\/v2\/posts\/2402","targetHints":{"allow":["GET"]}}],"collection":[{"href":"https:\/\/www.yungayino.cl\/noticias\/index.php?rest_route=\/wp\/v2\/posts"}],"about":[{"href":"https:\/\/www.yungayino.cl\/noticias\/index.php?rest_route=\/wp\/v2\/types\/post"}],"author":[{"embeddable":true,"href":"https:\/\/www.yungayino.cl\/noticias\/index.php?rest_route=\/wp\/v2\/users\/2"}],"replies":[{"embeddable":true,"href":"https:\/\/www.yungayino.cl\/noticias\/index.php?rest_route=%2Fwp%2Fv2%2Fcomments&post=2402"}],"version-history":[{"count":5,"href":"https:\/\/www.yungayino.cl\/noticias\/index.php?rest_route=\/wp\/v2\/posts\/2402\/revisions"}],"predecessor-version":[{"id":2429,"href":"https:\/\/www.yungayino.cl\/noticias\/index.php?rest_route=\/wp\/v2\/posts\/2402\/revisions\/2429"}],"wp:featuredmedia":[{"embeddable":true,"href":"https:\/\/www.yungayino.cl\/noticias\/index.php?rest_route=\/wp\/v2\/media\/15156"}],"wp:attachment":[{"href":"https:\/\/www.yungayino.cl\/noticias\/index.php?rest_route=%2Fwp%2Fv2%2Fmedia&parent=2402"}],"wp:term":[{"taxonomy":"category","embeddable":true,"href":"https:\/\/www.yungayino.cl\/noticias\/index.php?rest_route=%2Fwp%2Fv2%2Fcategories&post=2402"},{"taxonomy":"post_tag","embeddable":true,"href":"https:\/\/www.yungayino.cl\/noticias\/index.php?rest_route=%2Fwp%2Fv2%2Ftags&post=2402"}],"curies":[{"name":"wp","href":"https:\/\/api.w.org\/{rel}","templated":true}]}}