{"id":24047,"date":"2021-03-11T07:00:55","date_gmt":"2021-03-11T10:00:55","guid":{"rendered":"http:\/\/www.yungayino.cl\/noticias\/?p=24047"},"modified":"2021-03-10T19:46:04","modified_gmt":"2021-03-10T22:46:04","slug":"obras-del-nuevo-hospital-regional-registran-un-11-de-avance","status":"publish","type":"post","link":"https:\/\/www.yungayino.cl\/noticias\/?p=24047","title":{"rendered":"Obras Del Nuevo Hospital Regional Registran Un 11% De Avance"},"content":{"rendered":"<p><img loading=\"lazy\" decoding=\"async\" class=\"alignnone size-full wp-image-24048\" src=\"http:\/\/www.yungayino.cl\/noticias\/wp-content\/uploads\/2021\/03\/Visita-nuevo-Hospital-autoridades.jpg\" alt=\"\" width=\"700\" height=\"350\" srcset=\"https:\/\/www.yungayino.cl\/noticias\/wp-content\/uploads\/2021\/03\/Visita-nuevo-Hospital-autoridades.jpg 700w, https:\/\/www.yungayino.cl\/noticias\/wp-content\/uploads\/2021\/03\/Visita-nuevo-Hospital-autoridades-300x150.jpg 300w\" sizes=\"auto, (max-width: 700px) 100vw, 700px\" \/><\/p>\n<p style=\"text-align: justify;\">\u00d1uble, marzo 2021: Actualmente 345 personas trabajan en el lugar y se espera que este 2021 finalice la construcci\u00f3n de una de las 5 torres que conformar\u00e1n el recinto de salud, que beneficiar\u00e1 a cerca de 500 mil usuarios\/as.<\/p>\n<p style=\"text-align: justify;\">A toda m\u00e1quina contin\u00faan progresando las obras del futuro Hospital Regional de \u00d1uble, trabajos que no se han paralizado en ning\u00fan momento, a pesar de la emergencia sanitaria del Covid-19.<\/p>\n<p style=\"text-align: justify;\">As\u00ed, lo confirmaron autoridades locales, quienes realizaron una visita para constatar el avance del megaproyecto de salud, que beneficiar\u00e1 a los 500 mil habitantes del territorio.<\/p>\n<p style=\"text-align: justify;\">Durante el recorrido por las obras, el Intendente Crist\u00f3bal Jard\u00faa valor\u00f3 la labor desarrollada en el terreno, ubicado en Avenida O\u2019Higgins con Rosauro Acu\u00f1a: \u201cEstamos muy contentos de constatar el avance en los trabajos, que a pesar de la pandemia, han continuado sin interrupci\u00f3n. Hoy m\u00e1s que nunca ha quedado demostrada la importancia de contar con un buen sistema de salud y con la infraestructura acorde a las necesidades actuales, tanto para nuestra poblaci\u00f3n como para los propios equipos. Esta es una de las obras que los \u00f1ublensinos y nublensinas esperamos con ansias y que hoy no solo es una prioridad para nuestro Gobierno, sino para la comunidad en su conjunto\u201d.<\/p>\n<p style=\"text-align: justify;\">En ese contexto, el Director del Servicio de Salud \u00d1uble, Ricardo S\u00e1nchez, expres\u00f3 su alegr\u00eda frente al desarrollo de la iniciativa: \u201cEstamos muy contentos de estar en esta tremenda obra de ingenier\u00eda que va a dar vida al nuevo Hospital Regional de \u00d1uble. Como saben nos hemos enfrentado a una pandemia tremenda, pero quiero dar tranquilidad a la ciudadan\u00eda en que esta obra no se ha detenido. Hemos seguido avanzando y colocando todos los esfuerzos posibles para cumplir los hitos y fechas que demanda un mega proyecto que va a servir a la comunidad para entregar mejores prestaciones, tener espacios m\u00e1s amigables. Por lo tanto, dar seguridad, ya que nuestra instituci\u00f3n est\u00e1 trabajando con mucho profesionalismo para concretar este gran desaf\u00edo\u201d.<\/p>\n<p style=\"text-align: justify;\">Por su parte, Sebasti\u00e1n Olea, Inspector T\u00e9cnico de la Obra, explic\u00f3 que a la fecha \u201cel hospital tiene un avance del 11% y estamos ejecutando losas de fundaci\u00f3n, de los diferentes niveles del edificio. Durante el mes de febrero, hormigonamos la primera losa del nivel uno y este mes esperamos subir al nivel uno del edificio de una manera secuencial. Sin embargo, el edificio aqu\u00ed en la torre A ya comenzar\u00e1 a aparecer en altura\u201d.<\/p>\n<p style=\"text-align: justify;\">El ingeniero detall\u00f3 que, a su vez, \u201ccontinuamos a su vez con la ejecuci\u00f3n de muros perimetrales, rellenos laterales y el agotamiento permanente de la napa que existe en este lugar. Hoy tenemos 345 personas en obra y pretendemos llegar a un peak que sobrepase los mil trabajadores durante 2022, que es cuando vamos a estar terminando la obra gruesa e iniciando las instalaciones y terminaciones. Deber\u00edamos comenzar a ver el edificio desde la calle, por lo menos vamos a ver una torre terminada en este 2021\u201d.<\/p>\n<p style=\"text-align: justify;\">La obra contempla la edificaci\u00f3n de 128 mil metros cuadrados, compuesto por tres grandes zonas en los que se encuentran los espacios de atenci\u00f3n ambulatoria, hospitalizaci\u00f3n y urgencias.<\/p>\n<p style=\"text-align: justify;\">A estos, se suman \u00e1reas verdes abiertas a la comunidad y moderno equipamiento que permita responder a las necesidades de salud de las familias de la Regi\u00f3n de \u00d1uble.<\/p>\n","protected":false},"excerpt":{"rendered":"<p>\u00d1uble, marzo 2021: Actualmente 345 personas trabajan en el lugar y se espera que este 2021 finalice la construcci\u00f3n de una de las 5 torres que conformar\u00e1n el recinto de salud, que beneficiar\u00e1 a&#46;&#46;&#46;<\/p>\n","protected":false},"author":2,"featured_media":24048,"comment_status":"closed","ping_status":"open","sticky":false,"template":"","format":"standard","meta":{"footnotes":""},"categories":[1,1675],"tags":[1115,1678,65,8,6,2458],"class_list":["post-24047","post","type-post","status-publish","format-standard","has-post-thumbnail","hentry","category-noticias","category-saludc","tag-noticias","tag-nuble","tag-salud","tag-yungay","tag-yungayino","tag-yungayiono-cl"],"_links":{"self":[{"href":"https:\/\/www.yungayino.cl\/noticias\/index.php?rest_route=\/wp\/v2\/posts\/24047","targetHints":{"allow":["GET"]}}],"collection":[{"href":"https:\/\/www.yungayino.cl\/noticias\/index.php?rest_route=\/wp\/v2\/posts"}],"about":[{"href":"https:\/\/www.yungayino.cl\/noticias\/index.php?rest_route=\/wp\/v2\/types\/post"}],"author":[{"embeddable":true,"href":"https:\/\/www.yungayino.cl\/noticias\/index.php?rest_route=\/wp\/v2\/users\/2"}],"replies":[{"embeddable":true,"href":"https:\/\/www.yungayino.cl\/noticias\/index.php?rest_route=%2Fwp%2Fv2%2Fcomments&post=24047"}],"version-history":[{"count":1,"href":"https:\/\/www.yungayino.cl\/noticias\/index.php?rest_route=\/wp\/v2\/posts\/24047\/revisions"}],"predecessor-version":[{"id":24049,"href":"https:\/\/www.yungayino.cl\/noticias\/index.php?rest_route=\/wp\/v2\/posts\/24047\/revisions\/24049"}],"wp:featuredmedia":[{"embeddable":true,"href":"https:\/\/www.yungayino.cl\/noticias\/index.php?rest_route=\/wp\/v2\/media\/24048"}],"wp:attachment":[{"href":"https:\/\/www.yungayino.cl\/noticias\/index.php?rest_route=%2Fwp%2Fv2%2Fmedia&parent=24047"}],"wp:term":[{"taxonomy":"category","embeddable":true,"href":"https:\/\/www.yungayino.cl\/noticias\/index.php?rest_route=%2Fwp%2Fv2%2Fcategories&post=24047"},{"taxonomy":"post_tag","embeddable":true,"href":"https:\/\/www.yungayino.cl\/noticias\/index.php?rest_route=%2Fwp%2Fv2%2Ftags&post=24047"}],"curies":[{"name":"wp","href":"https:\/\/api.w.org\/{rel}","templated":true}]}}