{"id":24068,"date":"2021-03-15T07:00:53","date_gmt":"2021-03-15T10:00:53","guid":{"rendered":"http:\/\/www.yungayino.cl\/noticias\/?p=24068"},"modified":"2021-03-11T16:25:42","modified_gmt":"2021-03-11T19:25:42","slug":"refuerzan-llamado-a-postular-al-subsidio-protege-para-incentivar-el-empleo-formal-de-las-mujeres-de-nuble","status":"publish","type":"post","link":"https:\/\/www.yungayino.cl\/noticias\/?p=24068","title":{"rendered":"Refuerzan Llamado A Postular Al Subsidio Protege Para Incentivar El Empleo Formal De Las Mujeres De \u00d1uble"},"content":{"rendered":"<p><img loading=\"lazy\" decoding=\"async\" class=\"alignnone size-full wp-image-24065\" src=\"http:\/\/www.yungayino.cl\/noticias\/wp-content\/uploads\/2021\/03\/7-1.jpg\" alt=\"\" width=\"700\" height=\"350\" srcset=\"https:\/\/www.yungayino.cl\/noticias\/wp-content\/uploads\/2021\/03\/7-1.jpg 700w, https:\/\/www.yungayino.cl\/noticias\/wp-content\/uploads\/2021\/03\/7-1-300x150.jpg 300w\" sizes=\"auto, (max-width: 700px) 100vw, 700px\" \/><\/p>\n<p style=\"text-align: justify;\">\u00d1uble, marzo 2021: Autoridades de la Regi\u00f3n de \u00d1uble, encabezadas por el intendente Crist\u00f3bal Jard\u00faa, reforzaron el llamado a utilizar el Subsidio Protege para incentivar el empleo formal de las mujeres de la zona, el que se ha visto afectado producto de las restricciones sanitarias por la pandemia durante el \u00faltimo a\u00f1o.<\/p>\n<p style=\"text-align: justify;\">El aporte estatal de $200 mil mensuales para madres trabajadoras -y padres y tutores legales seg\u00fan el caso- de ni\u00f1os menores de 2 a\u00f1os que necesiten cuidados de un tercero tendr\u00e1 su ventana de postulaci\u00f3n abierta hasta el 20 de marzo. En ella, y a trav\u00e9s del sitio web <strong><a href=\"http:\/\/www.subsidioalempleo.cl\">www.subsidioalempleo.cl<\/a><\/strong>, pueden postular personas que se desempe\u00f1en laboralmente de forma dependiente o independiente en empresas que no cuenten con sala cuna (esto es, con menos de 20 trabajadoras).<\/p>\n<p style=\"text-align: justify;\">El intendente Jard\u00faa asegur\u00f3 que \u201ceste subsidio viene a dar una importante herramienta a las mujeres de nuestro pa\u00eds y especialmente a la mujer trabajadora de la Regi\u00f3n de \u00d1uble, ya que con este beneficio pueden postular al pago mensual de $200.000 para que puedan cuidar a sus hijos y no poner en riesgo la estabilidad laboral. Es importante destacar que este beneficio est\u00e1 enfocado en las madres, pero tambi\u00e9n como hay otras realidades donde pueden postular los padres y tutores legales cuando el caso lo amerite\u201d.<\/p>\n<p style=\"text-align: justify;\">El jefe regional tambi\u00e9n destac\u00f3 \u201cla importante labor que ha asumido desde el d\u00eda uno de esta pandemia el Presidente Sebasti\u00e1n Pi\u00f1era, quien siempre ha estado a disposici\u00f3n para poder ayudar a las personas que m\u00e1s mal lo han pasado durante esta crisis sanitaria\u201d.<\/p>\n<p style=\"text-align: justify;\">Por su parte, la seremi del Trabajo y Previsi\u00f3n Social, Yeniffer Ferrada, resalt\u00f3 que el Gobierno \u201cha configurado una bater\u00eda de planes y programas para resguardar el empleo, lo que es muy trascendente en nuestra zona que vio como el grupo de las mujeres retrocedi\u00f3 casi 10 a\u00f1os en participaci\u00f3n, con tasas muy parecidas a las del 2010, con un promedio de 40%. Los subsidios con enfoque de g\u00e9nero, para compatibilizar trabajo y familia, son claves para su permanencia en el mercado laboral, en la formalidad y con la seguridad social correspondiente\u201d.<\/p>\n<p style=\"text-align: justify;\">Cabe se\u00f1alar que el Subsidio Protege opera por 3 meses desde la fecha de concesi\u00f3n, prorrogables mensualmente hasta por 6 meses, siempre que: se encuentre vigente el Estado de Excepci\u00f3n Constitucional de Cat\u00e1strofe, por calamidad p\u00fablica; y que la condici\u00f3n sanitaria producto de la pandemia del Covid-19 as\u00ed lo justifique. Seg\u00fan proyecciones del Ministerio del Trabajo en Chile podr\u00edan beneficiarse cerca de 35 mil madres trabajadoras.<\/p>\n<p style=\"text-align: justify;\">\u201cEn estos \u00faltimos d\u00edas hemos tenido anuncios muy importantes para las mujeres de nuestra regi\u00f3n, con apoyos y transferencias directas que el Gobierno ha abierto para que puedan insertarse y reincorporarse laboralmente, y mantengan sus puestos de trabajo. Es muy importante que sigamos empujando el desarrollo de las trabajadoras y que sean una pieza central en la recuperaci\u00f3n que el pa\u00eds requiere\u201d, coment\u00f3 la seremi de la Mujer y Equidad de G\u00e9nero, B\u00e1rbara Hennig.<\/p>\n<p style=\"text-align: justify;\">Finalmente, el director regional del Servicio Nacional de Empleo (Sence), Rodolfo Zaror, record\u00f3 que \u201cquedan 10 d\u00edas para recibir postulaciones y esto es \u00fanicamente a trav\u00e9s de la p\u00e1gina <strong><a href=\"http:\/\/www.subsidioalempleo.cl\">www.subsidioalempleo.cl<\/a><\/strong>, donde la persona encontrar\u00e1 un banner para las l\u00edneas Regresa y Contrata y otro para el Protege. Es a este \u00faltimo al que se debe dirigir y en el que, adem\u00e1s, podr\u00e1 encontrar los requisitos y documentos que se necesitan\u201d.<\/p>\n","protected":false},"excerpt":{"rendered":"<p>\u00d1uble, marzo 2021: Autoridades de la Regi\u00f3n de \u00d1uble, encabezadas por el intendente Crist\u00f3bal Jard\u00faa, reforzaron el llamado a utilizar el Subsidio Protege para incentivar el empleo formal de las mujeres de la zona,&#46;&#46;&#46;<\/p>\n","protected":false},"author":2,"featured_media":24065,"comment_status":"closed","ping_status":"open","sticky":false,"template":"","format":"standard","meta":{"footnotes":""},"categories":[1],"tags":[1115,1678,2385,8,6,117],"class_list":["post-24068","post","type-post","status-publish","format-standard","has-post-thumbnail","hentry","category-noticias","tag-noticias","tag-nuble","tag-subsidio-al-empleo","tag-yungay","tag-yungayino","tag-yungayinocl"],"_links":{"self":[{"href":"https:\/\/www.yungayino.cl\/noticias\/index.php?rest_route=\/wp\/v2\/posts\/24068","targetHints":{"allow":["GET"]}}],"collection":[{"href":"https:\/\/www.yungayino.cl\/noticias\/index.php?rest_route=\/wp\/v2\/posts"}],"about":[{"href":"https:\/\/www.yungayino.cl\/noticias\/index.php?rest_route=\/wp\/v2\/types\/post"}],"author":[{"embeddable":true,"href":"https:\/\/www.yungayino.cl\/noticias\/index.php?rest_route=\/wp\/v2\/users\/2"}],"replies":[{"embeddable":true,"href":"https:\/\/www.yungayino.cl\/noticias\/index.php?rest_route=%2Fwp%2Fv2%2Fcomments&post=24068"}],"version-history":[{"count":1,"href":"https:\/\/www.yungayino.cl\/noticias\/index.php?rest_route=\/wp\/v2\/posts\/24068\/revisions"}],"predecessor-version":[{"id":24069,"href":"https:\/\/www.yungayino.cl\/noticias\/index.php?rest_route=\/wp\/v2\/posts\/24068\/revisions\/24069"}],"wp:featuredmedia":[{"embeddable":true,"href":"https:\/\/www.yungayino.cl\/noticias\/index.php?rest_route=\/wp\/v2\/media\/24065"}],"wp:attachment":[{"href":"https:\/\/www.yungayino.cl\/noticias\/index.php?rest_route=%2Fwp%2Fv2%2Fmedia&parent=24068"}],"wp:term":[{"taxonomy":"category","embeddable":true,"href":"https:\/\/www.yungayino.cl\/noticias\/index.php?rest_route=%2Fwp%2Fv2%2Fcategories&post=24068"},{"taxonomy":"post_tag","embeddable":true,"href":"https:\/\/www.yungayino.cl\/noticias\/index.php?rest_route=%2Fwp%2Fv2%2Ftags&post=24068"}],"curies":[{"name":"wp","href":"https:\/\/api.w.org\/{rel}","templated":true}]}}